{"id":19,"date":"2011-03-08T09:55:53","date_gmt":"2011-03-08T09:55:53","guid":{"rendered":"http:\/\/cebilbilitanos.com\/?p=19"},"modified":"2015-09-10T17:21:17","modified_gmt":"2015-09-10T17:21:17","slug":"discurso-de-manuel-martin-bueno","status":"publish","type":"post","link":"https:\/\/cebilbilitanos.com\/?p=19","title":{"rendered":"Discurso de Manuel Mart\u00edn Bueno"},"content":{"rendered":"<p>Los presentes en el acto de nombramiento de Manuel Mart\u00edn Bueno como hijo adoptivo de Calatayud comentamos a la salida lo acertado y emotivo del discurso que pronunci\u00f3 el homenajeado. Seguramente los ausentes nos agradecer\u00e1n que, como ya hicimos con la presentaci\u00f3n de Jos\u00e9 Ver\u00f3n como cronista de Calatayud, lo publiquemos.<\/p>\n<div>\n<div style=\"text-align: center;\"><object style=\"height: 311px; width: 440px;\" width=\"300\" height=\"150\"><param name=\"movie\" value=\"http:\/\/static.issuu.com\/webembed\/viewers\/style1\/v1\/IssuuViewer.swf?mode=embed&amp;layout=http%3A%2F%2Fskin.issuu.com%2Fv%2Flight%2Flayout.xml&amp;showFlipBtn=true&amp;documentId=110308172910-fb81bc5aa7e34f029623862908ab7c64&amp;docName=discurso_martin_bueno&amp;username=alarife&amp;loadingInfoText=Discurso%20Mart%C3%ADn%20Bueno&amp;et=1299605453681&amp;er=15\" \/><param name=\"allowfullscreen\" value=\"true\" \/><param name=\"menu\" value=\"false\" \/><embed src=\"http:\/\/static.issuu.com\/webembed\/viewers\/style1\/v1\/IssuuViewer.swf\" type=\"application\/x-shockwave-flash\" allowfullscreen=\"allowfullscreen\" menu=\"false\" style=\"width:440px;height:311px\" flashvars=\"mode=embed&amp;layout=http%3A%2F%2Fskin.issuu.com%2Fv%2Flight%2Flayout.xml&amp;showFlipBtn=true&amp;documentId=110308172910-fb81bc5aa7e34f029623862908ab7c64&amp;docName=discurso_martin_bueno&amp;username=alarife&amp;loadingInfoText=Discurso%20Mart%C3%ADn%20Bueno&amp;et=1299605453681&amp;er=15\" \/><\/object><\/div>\n<div style=\"text-align: left; width: 440px;\"><a href=\"http:\/\/issuu.com\/alarife\/docs\/discurso_martin_bueno?mode=embed&amp;layout=http%3A%2F%2Fskin.issuu.com%2Fv%2Flight%2Flayout.xml&amp;showFlipBtn=true\" target=\"_blank\">Open publication<\/a> &#8211; Free <a href=\"http:\/\/issuu.com\/\" target=\"_blank\">publishing<\/a> &#8211; <a href=\"http:\/\/issuu.com\/search?q=calatayud\" target=\"_blank\">More calatayud<\/a><\/div>\n<\/div>\n","protected":false},"excerpt":{"rendered":"<p>Los presentes en el acto de nombramiento de Manuel Mart\u00edn Bueno como hijo adoptivo de Calatayud comentamos a la salida lo acertado y emotivo del discurso que pronunci\u00f3 el homenajeado. Seguramente los ausentes nos agradecer\u00e1n que, como ya hicimos con &hellip; <a href=\"https:\/\/cebilbilitanos.com\/?p=19\">Sigue leyendo <span class=\"meta-nav\">&rarr;<\/span><\/a><\/p>\n","protected":false},"author":1,"featured_media":0,"comment_status":"open","ping_status":"open","sticky":false,"template":"","format":"standard","meta":[],"categories":[23],"tags":[8],"_links":{"self":[{"href":"https:\/\/cebilbilitanos.com\/index.php?rest_route=\/wp\/v2\/posts\/19"}],"collection":[{"href":"https:\/\/cebilbilitanos.com\/index.php?rest_route=\/wp\/v2\/posts"}],"about":[{"href":"https:\/\/cebilbilitanos.com\/index.php?rest_route=\/wp\/v2\/types\/post"}],"author":[{"embeddable":true,"href":"https:\/\/cebilbilitanos.com\/index.php?rest_route=\/wp\/v2\/users\/1"}],"replies":[{"embeddable":true,"href":"https:\/\/cebilbilitanos.com\/index.php?rest_route=%2Fwp%2Fv2%2Fcomments&post=19"}],"version-history":[{"count":1,"href":"https:\/\/cebilbilitanos.com\/index.php?rest_route=\/wp\/v2\/posts\/19\/revisions"}],"predecessor-version":[{"id":20,"href":"https:\/\/cebilbilitanos.com\/index.php?rest_route=\/wp\/v2\/posts\/19\/revisions\/20"}],"wp:attachment":[{"href":"https:\/\/cebilbilitanos.com\/index.php?rest_route=%2Fwp%2Fv2%2Fmedia&parent=19"}],"wp:term":[{"taxonomy":"category","embeddable":true,"href":"https:\/\/cebilbilitanos.com\/index.php?rest_route=%2Fwp%2Fv2%2Fcategories&post=19"},{"taxonomy":"post_tag","embeddable":true,"href":"https:\/\/cebilbilitanos.com\/index.php?rest_route=%2Fwp%2Fv2%2Ftags&post=19"}],"curies":[{"name":"wp","href":"https:\/\/api.w.org\/{rel}","templated":true}]}}