{"id":1716,"date":"2017-07-21T09:01:11","date_gmt":"2017-07-21T09:01:11","guid":{"rendered":"http:\/\/cebilbilitanos.com\/?p=1716"},"modified":"2017-07-21T09:01:11","modified_gmt":"2017-07-21T09:01:11","slug":"la-transicion-democratica-en-calatayud-cambios-y-esperanzas-2","status":"publish","type":"post","link":"https:\/\/cebilbilitanos.com\/?p=1716","title":{"rendered":"La transici\u00f3n democr\u00e1tica en Calatayud. Cambios y esperanzas."},"content":{"rendered":"<p>Francisco Tobajas Gallego<\/p>\n<p>El 12 de julio de 2017 se present\u00f3 en un Aula Cultural de San Benito a rebosar, \u00a0el \u00faltimo libro editado por el Centro de Estudios Bilbilitanos, <em>La Transici\u00f3n Democr\u00e1tica en Calatayud, cambios y esperanzas<\/em>, del fot\u00f3grafo bilbilitano Carlos Monc\u00edn Duce. Acompa\u00f1aron al autor en el acto de presentaci\u00f3n, el alcalde de Calatayud, Jos\u00e9 Manuel Aranda, y el presidente del C.E.B. Jos\u00e9 \u00c1ngel Urzay, responsable del texto, que sirve como complemento a estas\u00a0 trescientas fotograf\u00edas que fueron seleccionadas del archivo del autor. Para ello, Urzay y sus colaboradores, tuvieron que repasar m\u00e1s de seis mil diarios y semanarios de la \u00e9poca. Tampoco faltaron al acto varios fot\u00f3grafos bilbilitanos, el Delegado del Gobierno en Arag\u00f3n, Gustavo Alcalde, y responsables de <em>Heraldo de Arag\u00f3n<\/em>.<\/p>\n<p><img decoding=\"async\" loading=\"lazy\" class=\"aligncenter size-full wp-image-1717\" src=\"http:\/\/cebilbilitanos.com\/wp-content\/uploads\/2017\/07\/DSC02595.jpg\" alt=\"\" width=\"800\" height=\"600\" srcset=\"https:\/\/cebilbilitanos.com\/wp-content\/uploads\/2017\/07\/DSC02595.jpg 800w, https:\/\/cebilbilitanos.com\/wp-content\/uploads\/2017\/07\/DSC02595-300x225.jpg 300w, https:\/\/cebilbilitanos.com\/wp-content\/uploads\/2017\/07\/DSC02595-768x576.jpg 768w\" sizes=\"(max-width: 800px) 100vw, 800px\" \/><\/p>\n<p>Su autor, el fot\u00f3grafo Carlos Monc\u00edn, ha sido corresponsal gr\u00e1fico en diversas publicaciones y colaborador de la agencia CIFRA. En Calatayud particip\u00f3 en la creaci\u00f3n de los grupos Imagen-Palabra-Letra y J\u2019. MAC. Otro gran periodista bilbilitano, ligado a <em>Heraldo de Arag\u00f3n<\/em>, Andr\u00e9s Ruiz Castillo \u00abCalpe\u00bb, le convenci\u00f3 para que colaborase exclusivamente con este diario, en una p\u00e1gina diaria dedicada a la ciudad. Monc\u00edn se\u00f1al\u00f3 que hab\u00edan sido trece a\u00f1os, desde 1975 a 1989, los que hab\u00eda dedicado a fotografiar diariamente la actualidad bilbilitana, de la que Jes\u00fas Mart\u00ednez Mu\u00f1oz elaboraba una peque\u00f1a cr\u00f3nica. Cada d\u00eda hab\u00eda que revelar las fotos, hacer copia y enviarlas, junto a la cr\u00f3nica, en el autob\u00fas de Zaragoza. En otras ocasiones hab\u00eda que enviar el negativo en taxi, para ganar tiempo. A partir de 1989 Monc\u00edn se hizo cargo de la secci\u00f3n de fotograf\u00eda de <em>Heraldo de Arag\u00f3n<\/em>.<\/p>\n<p>El libro est\u00e1 dividido en tres partes: Transformaci\u00f3n de la ciudad, metamorfosis de la sociedad y fiestas, cultura y deportes. Como se escribe en el pr\u00f3logo del libro, al paso de cuarenta a\u00f1os de cambios y esperanzas, \u00abes dif\u00edcil ocultar la sorpresa y la perplejidad ante unas im\u00e1genes que retratan una ciudad y una sociedad que parecen m\u00e1s lejanas de lo que realmente son\u00bb.<\/p>\n<p>Hasta el d\u00eda 29 de julio estar\u00e1 abierta una exposici\u00f3n en el Aula Cultural de San Benito, con una selecci\u00f3n de las mejores fotograf\u00edas de Carlos Monc\u00edn que componen este interesante y fundamental libro gr\u00e1fico para la memoria de Calatayud.<\/p>\n<p><img decoding=\"async\" loading=\"lazy\" class=\"aligncenter size-full wp-image-1713\" src=\"http:\/\/cebilbilitanos.com\/wp-content\/uploads\/2017\/07\/mocin.jpg\" alt=\"\" width=\"1200\" height=\"1697\" srcset=\"https:\/\/cebilbilitanos.com\/wp-content\/uploads\/2017\/07\/mocin.jpg 1200w, https:\/\/cebilbilitanos.com\/wp-content\/uploads\/2017\/07\/mocin-212x300.jpg 212w, https:\/\/cebilbilitanos.com\/wp-content\/uploads\/2017\/07\/mocin-768x1086.jpg 768w, https:\/\/cebilbilitanos.com\/wp-content\/uploads\/2017\/07\/mocin-724x1024.jpg 724w\" sizes=\"(max-width: 1200px) 100vw, 1200px\" \/><\/p>\n<p>El libro ha tenido una excelente acogida y pr\u00e1cticamente est\u00e1 agotado en las librer\u00edas, por lo que se van a reimprimir 1.000 ejemplares m\u00e1s, al mismo precio de 8 euros, para que atender la demanda de los bilbilitanos.<\/p>\n","protected":false},"excerpt":{"rendered":"<p>Francisco Tobajas Gallego El 12 de julio de 2017 se present\u00f3 en un Aula Cultural de San Benito a rebosar, \u00a0el \u00faltimo libro editado por el Centro de Estudios Bilbilitanos, La Transici\u00f3n Democr\u00e1tica en Calatayud, cambios y esperanzas, del fot\u00f3grafo &hellip; <a href=\"https:\/\/cebilbilitanos.com\/?p=1716\">Sigue leyendo <span class=\"meta-nav\">&rarr;<\/span><\/a><\/p>\n","protected":false},"author":1,"featured_media":0,"comment_status":"open","ping_status":"open","sticky":false,"template":"","format":"standard","meta":[],"categories":[23],"tags":[6,12,22,10,11],"_links":{"self":[{"href":"https:\/\/cebilbilitanos.com\/index.php?rest_route=\/wp\/v2\/posts\/1716"}],"collection":[{"href":"https:\/\/cebilbilitanos.com\/index.php?rest_route=\/wp\/v2\/posts"}],"about":[{"href":"https:\/\/cebilbilitanos.com\/index.php?rest_route=\/wp\/v2\/types\/post"}],"author":[{"embeddable":true,"href":"https:\/\/cebilbilitanos.com\/index.php?rest_route=\/wp\/v2\/users\/1"}],"replies":[{"embeddable":true,"href":"https:\/\/cebilbilitanos.com\/index.php?rest_route=%2Fwp%2Fv2%2Fcomments&post=1716"}],"version-history":[{"count":1,"href":"https:\/\/cebilbilitanos.com\/index.php?rest_route=\/wp\/v2\/posts\/1716\/revisions"}],"predecessor-version":[{"id":1718,"href":"https:\/\/cebilbilitanos.com\/index.php?rest_route=\/wp\/v2\/posts\/1716\/revisions\/1718"}],"wp:attachment":[{"href":"https:\/\/cebilbilitanos.com\/index.php?rest_route=%2Fwp%2Fv2%2Fmedia&parent=1716"}],"wp:term":[{"taxonomy":"category","embeddable":true,"href":"https:\/\/cebilbilitanos.com\/index.php?rest_route=%2Fwp%2Fv2%2Fcategories&post=1716"},{"taxonomy":"post_tag","embeddable":true,"href":"https:\/\/cebilbilitanos.com\/index.php?rest_route=%2Fwp%2Fv2%2Ftags&post=1716"}],"curies":[{"name":"wp","href":"https:\/\/api.w.org\/{rel}","templated":true}]}}