{"id":1712,"date":"2017-07-06T16:01:25","date_gmt":"2017-07-06T16:01:25","guid":{"rendered":"http:\/\/cebilbilitanos.com\/?p=1712"},"modified":"2017-07-06T16:01:25","modified_gmt":"2017-07-06T16:01:25","slug":"la-transicion-democratica-en-calatayud-cambios-y-esperanzas","status":"publish","type":"post","link":"https:\/\/cebilbilitanos.com\/?p=1712","title":{"rendered":"La transici\u00f3n democr\u00e1tica en Calatayud. Cambios y esperanzas"},"content":{"rendered":"<p><img decoding=\"async\" loading=\"lazy\" class=\"aligncenter size-full wp-image-1713\" src=\"http:\/\/cebilbilitanos.com\/wp-content\/uploads\/2017\/07\/mocin.jpg\" alt=\"\" width=\"1200\" height=\"1697\" srcset=\"https:\/\/cebilbilitanos.com\/wp-content\/uploads\/2017\/07\/mocin.jpg 1200w, https:\/\/cebilbilitanos.com\/wp-content\/uploads\/2017\/07\/mocin-212x300.jpg 212w, https:\/\/cebilbilitanos.com\/wp-content\/uploads\/2017\/07\/mocin-768x1086.jpg 768w, https:\/\/cebilbilitanos.com\/wp-content\/uploads\/2017\/07\/mocin-724x1024.jpg 724w\" sizes=\"(max-width: 1200px) 100vw, 1200px\" \/><\/p>\n<p>El pr\u00f3ximo mi\u00e9rcoles, 12 de julio, a las 20 horas en el Aula Cultural San Benito de Calatayud, se presentar\u00e1 el libro de fotograf\u00eda de Carlos Monc\u00edn Duce:\u00a0<em>La Transici\u00f3n Democr\u00e1tica en Calatayud. Cambios y Esperanzas\u00a0<\/em>y una\u00a0 exposici\u00f3n de fotograf\u00edas del mismo autor.<\/p>\n<p>El libro recoge im\u00e1genes de 20 a\u00f1os de la historia de Calatayud, desde 1970 a 1990, periodo que coincide en gran medida con la transici\u00f3n democr\u00e1tica en Espa\u00f1a. Las 300 fotograf\u00edas de Carlos Monc\u00edn son un testimonio excepcional del Calatayud de este periodo hist\u00f3rico. Los ajustados textos de\u00a0 Jos\u00e9 \u00c1ngel Urzay Barrios enmarcan y ampl\u00edan este reportaje gr\u00e1fico.<\/p>\n","protected":false},"excerpt":{"rendered":"<p>El pr\u00f3ximo mi\u00e9rcoles, 12 de julio, a las 20 horas en el Aula Cultural San Benito de Calatayud, se presentar\u00e1 el libro de fotograf\u00eda de Carlos Monc\u00edn Duce:\u00a0La Transici\u00f3n Democr\u00e1tica en Calatayud. Cambios y Esperanzas\u00a0y una\u00a0 exposici\u00f3n de fotograf\u00edas del &hellip; <a href=\"https:\/\/cebilbilitanos.com\/?p=1712\">Sigue leyendo <span class=\"meta-nav\">&rarr;<\/span><\/a><\/p>\n","protected":false},"author":1,"featured_media":0,"comment_status":"open","ping_status":"open","sticky":false,"template":"","format":"standard","meta":[],"categories":[23],"tags":[6,22,10],"_links":{"self":[{"href":"https:\/\/cebilbilitanos.com\/index.php?rest_route=\/wp\/v2\/posts\/1712"}],"collection":[{"href":"https:\/\/cebilbilitanos.com\/index.php?rest_route=\/wp\/v2\/posts"}],"about":[{"href":"https:\/\/cebilbilitanos.com\/index.php?rest_route=\/wp\/v2\/types\/post"}],"author":[{"embeddable":true,"href":"https:\/\/cebilbilitanos.com\/index.php?rest_route=\/wp\/v2\/users\/1"}],"replies":[{"embeddable":true,"href":"https:\/\/cebilbilitanos.com\/index.php?rest_route=%2Fwp%2Fv2%2Fcomments&post=1712"}],"version-history":[{"count":1,"href":"https:\/\/cebilbilitanos.com\/index.php?rest_route=\/wp\/v2\/posts\/1712\/revisions"}],"predecessor-version":[{"id":1714,"href":"https:\/\/cebilbilitanos.com\/index.php?rest_route=\/wp\/v2\/posts\/1712\/revisions\/1714"}],"wp:attachment":[{"href":"https:\/\/cebilbilitanos.com\/index.php?rest_route=%2Fwp%2Fv2%2Fmedia&parent=1712"}],"wp:term":[{"taxonomy":"category","embeddable":true,"href":"https:\/\/cebilbilitanos.com\/index.php?rest_route=%2Fwp%2Fv2%2Fcategories&post=1712"},{"taxonomy":"post_tag","embeddable":true,"href":"https:\/\/cebilbilitanos.com\/index.php?rest_route=%2Fwp%2Fv2%2Ftags&post=1712"}],"curies":[{"name":"wp","href":"https:\/\/api.w.org\/{rel}","templated":true}]}}