{"id":1702,"date":"2017-06-20T21:32:57","date_gmt":"2017-06-20T21:32:57","guid":{"rendered":"http:\/\/cebilbilitanos.com\/?p=1702"},"modified":"2017-06-20T21:32:57","modified_gmt":"2017-06-20T21:32:57","slug":"calatayud-ciudad-historica-y-monumental","status":"publish","type":"post","link":"https:\/\/cebilbilitanos.com\/?p=1702","title":{"rendered":"CALATAYUD, CIUDAD HIST\u00d3RICA Y MONUMENTAL"},"content":{"rendered":"<p><b>JORNADA DEL 17 DE JUNIO<\/b><\/p>\n<p><b>CALATAYUD, CIUDAD HIST\u00d3RICA Y MONUMENTAL<\/b><\/p>\n<p><span style=\"font-weight: 400;\">El pasado s\u00e1bado, 17 de junio, el CEB y el Ayuntamiento de Calatayud conmemoramos el cincuenta aniversario de la declaraci\u00f3n de Calatayud como Conjunto Hist\u00f3rico Art\u00edstico con una jornada que, bajo el t\u00edtulo de <\/span><b><i>Calatayud, ciudad hist\u00f3rica y monumental<\/i><\/b><span style=\"font-weight: 400;\">, se desarroll\u00f3 conforme al programa previsto en el sal\u00f3n de actos del Ayuntamiento de la plaza Costa.<\/span><\/p>\n<p><img decoding=\"async\" loading=\"lazy\" class=\"aligncenter size-full wp-image-1704\" src=\"http:\/\/cebilbilitanos.com\/wp-content\/uploads\/2017\/06\/IMG_1006.jpg\" alt=\"\" width=\"800\" height=\"706\" srcset=\"https:\/\/cebilbilitanos.com\/wp-content\/uploads\/2017\/06\/IMG_1006.jpg 800w, https:\/\/cebilbilitanos.com\/wp-content\/uploads\/2017\/06\/IMG_1006-300x265.jpg 300w, https:\/\/cebilbilitanos.com\/wp-content\/uploads\/2017\/06\/IMG_1006-768x678.jpg 768w\" sizes=\"(max-width: 800px) 100vw, 800px\" \/><\/p>\n<p><span style=\"font-weight: 400;\">Se inscribieron 93 personas, aunque el n\u00famero de asistentes a la diversas conferencias fue mayor. Arquitectos, historiadores, arque\u00f3logos y estudiosos del casco hist\u00f3rico bilbilitano expusieron una visi\u00f3n actualizada de los valores patrimoniales de la ciudad y propuestas para su mejor conservaci\u00f3n y revitalizaci\u00f3n.<\/span><\/p>\n<p><img decoding=\"async\" loading=\"lazy\" class=\"aligncenter size-full wp-image-1703\" src=\"http:\/\/cebilbilitanos.com\/wp-content\/uploads\/2017\/06\/Biblioteca-UNED-Luisma-Garc\u00eda.jpg\" alt=\"\" width=\"2000\" height=\"1335\" srcset=\"https:\/\/cebilbilitanos.com\/wp-content\/uploads\/2017\/06\/Biblioteca-UNED-Luisma-Garc\u00eda.jpg 2000w, https:\/\/cebilbilitanos.com\/wp-content\/uploads\/2017\/06\/Biblioteca-UNED-Luisma-Garc\u00eda-300x200.jpg 300w, https:\/\/cebilbilitanos.com\/wp-content\/uploads\/2017\/06\/Biblioteca-UNED-Luisma-Garc\u00eda-768x513.jpg 768w, https:\/\/cebilbilitanos.com\/wp-content\/uploads\/2017\/06\/Biblioteca-UNED-Luisma-Garc\u00eda-1024x684.jpg 1024w\" sizes=\"(max-width: 2000px) 100vw, 2000px\" \/><\/p>\n<p><span style=\"font-weight: 400;\">Est\u00e1 prevista la publicaci\u00f3n en forma digital de las intervenciones de los ponentes para divulgar el patrimonio de Calatayud y propiciar una reflexi\u00f3n sobre las soluciones que eviten su deterioro.<\/span><\/p>\n","protected":false},"excerpt":{"rendered":"<p>JORNADA DEL 17 DE JUNIO CALATAYUD, CIUDAD HIST\u00d3RICA Y MONUMENTAL El pasado s\u00e1bado, 17 de junio, el CEB y el Ayuntamiento de Calatayud conmemoramos el cincuenta aniversario de la declaraci\u00f3n de Calatayud como Conjunto Hist\u00f3rico Art\u00edstico con una jornada que, &hellip; <a href=\"https:\/\/cebilbilitanos.com\/?p=1702\">Sigue leyendo <span class=\"meta-nav\">&rarr;<\/span><\/a><\/p>\n","protected":false},"author":1,"featured_media":0,"comment_status":"open","ping_status":"open","sticky":false,"template":"","format":"standard","meta":[],"categories":[23],"tags":[12],"_links":{"self":[{"href":"https:\/\/cebilbilitanos.com\/index.php?rest_route=\/wp\/v2\/posts\/1702"}],"collection":[{"href":"https:\/\/cebilbilitanos.com\/index.php?rest_route=\/wp\/v2\/posts"}],"about":[{"href":"https:\/\/cebilbilitanos.com\/index.php?rest_route=\/wp\/v2\/types\/post"}],"author":[{"embeddable":true,"href":"https:\/\/cebilbilitanos.com\/index.php?rest_route=\/wp\/v2\/users\/1"}],"replies":[{"embeddable":true,"href":"https:\/\/cebilbilitanos.com\/index.php?rest_route=%2Fwp%2Fv2%2Fcomments&post=1702"}],"version-history":[{"count":1,"href":"https:\/\/cebilbilitanos.com\/index.php?rest_route=\/wp\/v2\/posts\/1702\/revisions"}],"predecessor-version":[{"id":1705,"href":"https:\/\/cebilbilitanos.com\/index.php?rest_route=\/wp\/v2\/posts\/1702\/revisions\/1705"}],"wp:attachment":[{"href":"https:\/\/cebilbilitanos.com\/index.php?rest_route=%2Fwp%2Fv2%2Fmedia&parent=1702"}],"wp:term":[{"taxonomy":"category","embeddable":true,"href":"https:\/\/cebilbilitanos.com\/index.php?rest_route=%2Fwp%2Fv2%2Fcategories&post=1702"},{"taxonomy":"post_tag","embeddable":true,"href":"https:\/\/cebilbilitanos.com\/index.php?rest_route=%2Fwp%2Fv2%2Ftags&post=1702"}],"curies":[{"name":"wp","href":"https:\/\/api.w.org\/{rel}","templated":true}]}}