{"id":168,"date":"2015-05-02T16:36:23","date_gmt":"2015-05-02T16:36:23","guid":{"rendered":"http:\/\/cebilbilitanos.com\/?p=168"},"modified":"2015-09-10T17:10:04","modified_gmt":"2015-09-10T17:10:04","slug":"jose-angel-urzay-barrios-nuevo-presidente-del-centro-de-estudios-bilbilitanos","status":"publish","type":"post","link":"https:\/\/cebilbilitanos.com\/?p=168","title":{"rendered":"JOS\u00c9 \u00c1NGEL URZAY BARRIOS NUEVO PRESIDENTE DEL CENTRO DE ESTUDIOS BILBILITANOS"},"content":{"rendered":"<div class=\"MsoNormal\">Francisco Tobajas Gallego<\/div>\n<div class=\"MsoNormal\"><\/div>\n<div class=\"separator\" style=\"clear: both; text-align: center;\"><a style=\"margin-left: 1em; margin-right: 1em;\" href=\"http:\/\/3.bp.blogspot.com\/-C7frZdobZUU\/VUSMkXC0MSI\/AAAAAAAATjk\/ZsuSvB-BxQw\/s1600\/DSC01793.jpg\"><img decoding=\"async\" src=\"http:\/\/3.bp.blogspot.com\/-C7frZdobZUU\/VUSMkXC0MSI\/AAAAAAAATjk\/ZsuSvB-BxQw\/s1600\/DSC01793.jpg\" alt=\"\" border=\"0\" \/><\/a><\/div>\n<div class=\"MsoNormal\"><\/div>\n<div class=\"MsoNormal\"><\/div>\n<div class=\"MsoNormal\" style=\"text-align: justify;\">\u00a0\u00a0\u00a0\u00a0\u00a0\u00a0\u00a0\u00a0\u00a0\u00a0\u00a0 El\u00a028 de abril de 2015 tuvo lugar la Asamblea General de Consejeros del Centro de\u00a0Estudios Bilbilitanos, para elegir al nuevo presidente de la entidad, debido a la\u00a0renuncia por problemas de salud de Manuel Micheto.<\/div>\n<div class=\"MsoNormal\" style=\"text-align: justify;\"><\/div>\n<div class=\"MsoNormal\" style=\"text-align: justify;\"><\/div>\n<div class=\"MsoNormal\" style=\"text-align: justify;\">\u00a0\u00a0\u00a0\u00a0\u00a0\u00a0\u00a0\u00a0\u00a0\u00a0\u00a0 Para\u00a0ocupar la presidencia del Centro de Estudios Bilbilitanos se hab\u00edan presentado\u00a0dos candidaturas, la de Blanca Langa Hern\u00e1ndez y la de Jos\u00e9 \u00c1ngel Urzay\u00a0Barrios. Ambos candidatos presentaron un breve curr\u00edculum y las l\u00edneas a seguir\u00a0durante su mandato en la presidencia del Centro. Desde el 7 hasta el 28 de\u00a0abril ha estado abierto el plazo para votar por correo electr\u00f3nico y por correo\u00a0ordinario.<\/div>\n<div class=\"MsoNormal\" style=\"text-align: justify;\"><\/div>\n<div class=\"MsoNormal\" style=\"text-align: justify;\"><\/div>\n<div class=\"MsoNormal\" style=\"text-align: justify;\">\u00a0\u00a0\u00a0\u00a0\u00a0\u00a0\u00a0\u00a0\u00a0\u00a0\u00a0 La\u00a0Comisi\u00f3n Electoral, ocupada en garantizar el proceso democr\u00e1tico de estas\u00a0elecciones, estaba compuesta por Jos\u00e9 Ram\u00f3n Olalla, Mar\u00eda Jos\u00e9 Arrizabalaga,\u00a0Juli\u00e1n Mill\u00e1n, Mar\u00eda Jos\u00e9 Ortiz y Mar\u00eda Jes\u00fas S\u00e1nchez como secretaria.<\/div>\n<div class=\"MsoNormal\" style=\"text-align: justify;\"><\/div>\n<div class=\"MsoNormal\" style=\"text-align: justify;\"><\/div>\n<div class=\"MsoNormal\" style=\"text-align: justify;\">La\u00a0Asamblea General de Consejeros se celebr\u00f3 en la Sala de Juntas del Centro de\u00a0Estudios Bilbilitanos, situada en la tercera planta de su sede de la Puerta\u00a0Terrer. Jos\u00e9 Ram\u00f3n Olalla dio la bienvenida a todos los consejeros, leyendo el\u00a0orden del d\u00eda, en el que se inclu\u00eda la propuesta de nombramiento del Presidente\u00a0saliente, Manuel Micheto, como Presidente Honorario del Centro de Estudios\u00a0Bilbilitanos. Esta propuesta fue aprobada por amplia mayor\u00eda. A continuaci\u00f3n se\u00a0form\u00f3 la mesa electoral, compuesta por Mar\u00eda Jos\u00e9 Arrizabalaga, como\u00a0presidenta, y como vocales Juli\u00e1n Mill\u00e1n y Mar\u00eda Jos\u00e9 Ortiz. Como secretaria de\u00a0actas actu\u00f3 Mar\u00eda Jes\u00fas S\u00e1nchez y Jos\u00e9 Ram\u00f3n Olalla como depositario del voto\u00a0recibido por correo ordinario y electr\u00f3nico<\/div>\n<div class=\"MsoNormal\" style=\"text-align: justify;\"><\/div>\n<div class=\"MsoNormal\" style=\"text-align: justify;\"><\/div>\n<div class=\"MsoNormal\" style=\"text-align: justify;\">\u00a0\u00a0\u00a0\u00a0\u00a0\u00a0\u00a0\u00a0\u00a0\u00a0\u00a0 A\u00a0continuaci\u00f3n la mesa electoral recogi\u00f3 los votos enviados por correo\u00a0electr\u00f3nico, que fueron cinco, y los recibidos por correo ordinario, que fueron\u00a0veintisiete, m\u00e1s un voto que se consider\u00f3 nulo. Votaron veinti\u00fan consejeros\u00a0presentes en la Asamblea General. En total se contabilizaron cincuenta y tres\u00a0votos, m\u00e1s uno nulo. Tras el recuento, la candidatura de Jos\u00e9 \u00c1ngel Urzay\u00a0Barrios recibi\u00f3 treinta y nueve votos y la candidatura de Blanca Langa trece\u00a0votos. Se contabiliz\u00f3 un voto en blanco.<\/div>\n<div class=\"MsoNormal\" style=\"text-align: justify;\"><\/div>\n<div class=\"MsoNormal\" style=\"text-align: justify;\"><\/div>\n<div class=\"MsoNormal\" style=\"text-align: justify;\">\u00a0\u00a0\u00a0\u00a0\u00a0\u00a0\u00a0\u00a0\u00a0\u00a0\u00a0 Tras\u00a0su proclamaci\u00f3n como nuevo presidente del Centro de Estudios Bilbilitanos, Jos\u00e9\u00a0\u00c1ngel Urzay Barrios se\u00f1al\u00f3 que la nueva Comisi\u00f3n Permanente del Centro ser\u00e1\u00a0intergeneracional e interdisciplinar. Estar\u00e1 compuesta por diez personas, cinco\u00a0personas de la actual Comisi\u00f3n y otras cinco de nueva elecci\u00f3n. Urzay Barrios desea\u00a0un Centro de Estudios Bilbilitanos abierto a la comarca. El nuevo presidente\u00a0quiere ser gestor diario del Centro, aunque las decisiones las seguir\u00e1 tomando\u00a0la Comisi\u00f3n Permanente. Dio un plazo de dos semanas para que la nueva Comisi\u00f3n est\u00e9\u00a0constitu\u00eda y comience a tomar sus primeras decisiones.<\/div>\n<div class=\"MsoNormal\" style=\"text-align: justify;\"><\/div>\n<div class=\"MsoNormal\" style=\"text-align: justify;\"><\/div>\n<div class=\"MsoNormal\" style=\"text-align: justify;\">\u00a0\u00a0\u00a0\u00a0\u00a0\u00a0\u00a0\u00a0\u00a0\u00a0\u00a0 El\u00a0consejero Ra\u00fal Fern\u00e1ndez Moros tom\u00f3 la palabra y afirm\u00f3 que en el Centro de\u00a0Estudios Bilbilitanos hab\u00eda dos tendencias, una dedicada a los estudios\u00a0historiogr\u00e1ficos y otra a la divulgaci\u00f3n cultural. Fern\u00e1ndez Moros se\u00f1al\u00f3 que\u00a0el Centro de Estudios no deb\u00eda soslayar esta faceta de divulgaci\u00f3n cultural,\u00a0defendiendo la l\u00ednea po\u00e9tica y fotogr\u00e1fica que segu\u00eda manteniendo desde hace\u00a0tiempo el Centro.<\/div>\n<div class=\"MsoNormal\" style=\"text-align: justify;\"><\/div>\n<div class=\"MsoNormal\" style=\"text-align: justify;\"><\/div>\n<div class=\"MsoNormal\" style=\"text-align: justify;\">\u00a0\u00a0\u00a0\u00a0\u00a0\u00a0\u00a0\u00a0\u00a0\u00a0\u00a0 Fern\u00e1ndez\u00a0Moros apunt\u00f3 que el Centro de Estudios Bilbilitanos se reg\u00eda por unos Estatutos\u00a0anticuados. En varias ocasiones se hab\u00eda pedido, sin \u00e9xito, a la Instituci\u00f3n\u00a0Fernando el Cat\u00f3lico la elaboraci\u00f3n de unos estatutos comunes para todos los \u00a0centros de estudios comarcales. Urzay Barrios se\u00f1al\u00f3 que la Instituci\u00f3n Fernando\u00a0el Cat\u00f3lico deb\u00eda tomar en serio a sus filiares y elaborar unos nuevos\u00a0estatutos, m\u00e1s modernos y acordes al tiempo que vivimos. Tambi\u00e9n a\u00f1adi\u00f3 que a\u00a0partir de este momento se contar\u00eda m\u00e1s con la Asamblea de Consejeros.<\/div>\n<div class=\"MsoNormal\" style=\"text-align: justify;\"><\/div>\n<div class=\"MsoNormal\" style=\"text-align: justify;\"><\/div>\n<div class=\"MsoNormal\" style=\"text-align: justify;\">\u00a0\u00a0\u00a0\u00a0\u00a0\u00a0\u00a0\u00a0\u00a0\u00a0\u00a0 Fern\u00e1ndez\u00a0Moros se\u00f1al\u00f3 que el cargo de presidente no deb\u00eda ser vitalicio, sino que se\u00a0renovara cada cuatro a\u00f1os. Recalc\u00f3 que el objetivo principal del Centro deb\u00eda\u00a0ser difundir los estudios de la ciudad y de su comarca.<\/div>\n<div class=\"MsoNormal\" style=\"text-align: justify;\"><\/div>\n<div class=\"MsoNormal\" style=\"text-align: justify;\"><\/div>\n<div class=\"MsoNormal\" style=\"text-align: justify;\">\u00a0\u00a0\u00a0\u00a0\u00a0\u00a0\u00a0\u00a0\u00a0\u00a0\u00a0 Blanca\u00a0Langa felicit\u00f3 al nuevo presidente y se\u00f1al\u00f3 que el Centro hab\u00eda ganado con la\u00a0elecci\u00f3n de Urzay Barrios, aunque sent\u00eda la marcha de Manuel Micheto, pues\u00a0hab\u00eda renunciado por problemas de salud. Pidi\u00f3 que el Centro de Estudios\u00a0Bilbilitanos recuperara las conferencias y que se modernizara la pagina web,\u00a0con traducciones al franc\u00e9s e ingl\u00e9s, para favorecer su difusi\u00f3n. Varios<br \/>\nconsejeros tambi\u00e9n pidieron una mejora de la p\u00e1gina web, actualizando los\u00a0curr\u00edculum de todos aquellos consejeros que quisieran hacerlo. Blanca Langa tambi\u00e9n\u00a0afirm\u00f3 que no se olvidara a la Coral Bilbilitana, que pertenec\u00eda al Centro, a\u00a0la Bot\u00e1nica, a la Geolog\u00eda o a la M\u00fasica, pues el Centro de Estudios\u00a0Bilbilitanos era algo m\u00e1s que creaci\u00f3n literaria e investigaci\u00f3n.<\/div>\n<div class=\"MsoNormal\" style=\"text-align: justify;\"><\/div>\n<div class=\"MsoNormal\" style=\"text-align: justify;\"><\/div>\n<div class=\"MsoNormal\" style=\"text-align: justify;\">\u00a0\u00a0\u00a0\u00a0\u00a0\u00a0\u00a0\u00a0\u00a0\u00a0\u00a0 Urzay\u00a0Barrios a\u00f1adi\u00f3 que se contar\u00eda con todos los consejeros, llevando a cabo\u00a0reuniones cada cierto tiempo.<\/div>\n<p>&nbsp;<\/p>\n<div class=\"MsoNormal\" style=\"text-align: justify;\">\u00a0\u00a0\u00a0\u00a0\u00a0\u00a0\u00a0\u00a0\u00a0\u00a0\u00a0 Jos\u00e9\u00a0Ram\u00f3n Olalla precis\u00f3 que los Estatutos del Centro de Estudios Bilbilitanos,\u00a0eran en realidad un Reglamento, que cont\u00f3 en su momento con el visto bueno de\u00a0la Diputaci\u00f3n de Zaragoza. Agradeci\u00f3 la valiente iniciativa de los dos\u00a0candidatos que se hab\u00edan presentado para presidir el Centro, felicitando a Jos\u00e9\u00a0\u00c1ngel Urzay Barrios por su elecci\u00f3n.<\/div>\n","protected":false},"excerpt":{"rendered":"<p>Francisco Tobajas Gallego \u00a0\u00a0\u00a0\u00a0\u00a0\u00a0\u00a0\u00a0\u00a0\u00a0\u00a0 El\u00a028 de abril de 2015 tuvo lugar la Asamblea General de Consejeros del Centro de\u00a0Estudios Bilbilitanos, para elegir al nuevo presidente de la entidad, debido a la\u00a0renuncia por problemas de salud de Manuel Micheto. \u00a0\u00a0\u00a0\u00a0\u00a0\u00a0\u00a0\u00a0\u00a0\u00a0\u00a0 Para\u00a0ocupar &hellip; <a href=\"https:\/\/cebilbilitanos.com\/?p=168\">Sigue leyendo <span class=\"meta-nav\">&rarr;<\/span><\/a><\/p>\n","protected":false},"author":1,"featured_media":0,"comment_status":"open","ping_status":"open","sticky":false,"template":"","format":"standard","meta":[],"categories":[23],"tags":[27],"_links":{"self":[{"href":"https:\/\/cebilbilitanos.com\/index.php?rest_route=\/wp\/v2\/posts\/168"}],"collection":[{"href":"https:\/\/cebilbilitanos.com\/index.php?rest_route=\/wp\/v2\/posts"}],"about":[{"href":"https:\/\/cebilbilitanos.com\/index.php?rest_route=\/wp\/v2\/types\/post"}],"author":[{"embeddable":true,"href":"https:\/\/cebilbilitanos.com\/index.php?rest_route=\/wp\/v2\/users\/1"}],"replies":[{"embeddable":true,"href":"https:\/\/cebilbilitanos.com\/index.php?rest_route=%2Fwp%2Fv2%2Fcomments&post=168"}],"version-history":[{"count":3,"href":"https:\/\/cebilbilitanos.com\/index.php?rest_route=\/wp\/v2\/posts\/168\/revisions"}],"predecessor-version":[{"id":171,"href":"https:\/\/cebilbilitanos.com\/index.php?rest_route=\/wp\/v2\/posts\/168\/revisions\/171"}],"wp:attachment":[{"href":"https:\/\/cebilbilitanos.com\/index.php?rest_route=%2Fwp%2Fv2%2Fmedia&parent=168"}],"wp:term":[{"taxonomy":"category","embeddable":true,"href":"https:\/\/cebilbilitanos.com\/index.php?rest_route=%2Fwp%2Fv2%2Fcategories&post=168"},{"taxonomy":"post_tag","embeddable":true,"href":"https:\/\/cebilbilitanos.com\/index.php?rest_route=%2Fwp%2Fv2%2Ftags&post=168"}],"curies":[{"name":"wp","href":"https:\/\/api.w.org\/{rel}","templated":true}]}}