{"id":1661,"date":"2017-04-25T17:20:12","date_gmt":"2017-04-25T17:20:12","guid":{"rendered":"http:\/\/cebilbilitanos.com\/?p=1661"},"modified":"2017-04-25T17:32:27","modified_gmt":"2017-04-25T17:32:27","slug":"labores-y-oficios-tradicionales-en-monton","status":"publish","type":"post","link":"https:\/\/cebilbilitanos.com\/?p=1661","title":{"rendered":"Labores y oficios tradicionales en Mont\u00f3n"},"content":{"rendered":"<p>Recientemente nos trajo <strong>Macario Hernando S\u00e1nchez<\/strong> una interesante colecci\u00f3n de varios miles de fotograf\u00edas y negativos sobre Mont\u00f3n, sus fiestas tradicionales y la vida cotidiana de sus gentes. Durante a\u00f1os ha recogido con su c\u00e1mara unas excelentes fotograf\u00edas de gran valor etnogr\u00e1fico y documental: las fiestas de San Agust\u00edn, las labores tradicionales del campo, los oficios perdidos, el trabajo de la mujeres y un largo etc\u00e9tera de im\u00e1genes ya irrepetibles. El Centro de Estudios Bilbilitanos agradece\u00a0 su valiosa aportaci\u00f3n al <a href=\"http:\/\/cebilbilitanos.com\/?page_id=1267\">Archivo Digital de Fotograf\u00eda<\/a>, que esperamos seguir aumentando con las aportaciones de todos.<\/p>\n<div id='gallery-1' class='gallery galleryid-1661 gallery-columns-2 gallery-size-large'><dl class='gallery-item'>\n\t\t\t<dt class='gallery-icon portrait'>\n\t\t\t\t<a href='https:\/\/cebilbilitanos.com\/?attachment_id=1662'><img width=\"640\" height=\"868\" src=\"https:\/\/cebilbilitanos.com\/wp-content\/uploads\/2017\/04\/DESGRANANDO-755x1024.jpg\" class=\"attachment-large size-large\" alt=\"\" decoding=\"async\" loading=\"lazy\" aria-describedby=\"gallery-1-1662\" srcset=\"https:\/\/cebilbilitanos.com\/wp-content\/uploads\/2017\/04\/DESGRANANDO-755x1024.jpg 755w, https:\/\/cebilbilitanos.com\/wp-content\/uploads\/2017\/04\/DESGRANANDO-221x300.jpg 221w, https:\/\/cebilbilitanos.com\/wp-content\/uploads\/2017\/04\/DESGRANANDO-768x1041.jpg 768w, https:\/\/cebilbilitanos.com\/wp-content\/uploads\/2017\/04\/DESGRANANDO.jpg 885w\" sizes=\"(max-width: 640px) 100vw, 640px\" \/><\/a>\n\t\t\t<\/dt>\n\t\t\t\t<dd class='wp-caption-text gallery-caption' id='gallery-1-1662'>\n\t\t\t\tDesgranando\n\t\t\t\t<\/dd><\/dl><dl class='gallery-item'>\n\t\t\t<dt class='gallery-icon landscape'>\n\t\t\t\t<a href='https:\/\/cebilbilitanos.com\/?attachment_id=1663'><img width=\"640\" height=\"472\" src=\"https:\/\/cebilbilitanos.com\/wp-content\/uploads\/2017\/04\/JOAQUINA-CATALAN-1024x755.jpg\" class=\"attachment-large size-large\" alt=\"\" decoding=\"async\" loading=\"lazy\" aria-describedby=\"gallery-1-1663\" srcset=\"https:\/\/cebilbilitanos.com\/wp-content\/uploads\/2017\/04\/JOAQUINA-CATALAN-1024x755.jpg 1024w, https:\/\/cebilbilitanos.com\/wp-content\/uploads\/2017\/04\/JOAQUINA-CATALAN-300x221.jpg 300w, https:\/\/cebilbilitanos.com\/wp-content\/uploads\/2017\/04\/JOAQUINA-CATALAN-768x566.jpg 768w, https:\/\/cebilbilitanos.com\/wp-content\/uploads\/2017\/04\/JOAQUINA-CATALAN.jpg 1200w\" sizes=\"(max-width: 640px) 100vw, 640px\" \/><\/a>\n\t\t\t<\/dt>\n\t\t\t\t<dd class='wp-caption-text gallery-caption' id='gallery-1-1663'>\n\t\t\t\tJoaquina Catal\u00e1n\n\t\t\t\t<\/dd><\/dl><br style=\"clear: both\" \/><dl class='gallery-item'>\n\t\t\t<dt class='gallery-icon portrait'>\n\t\t\t\t<a href='https:\/\/cebilbilitanos.com\/?attachment_id=1664'><img width=\"640\" height=\"868\" src=\"https:\/\/cebilbilitanos.com\/wp-content\/uploads\/2017\/04\/JOSE-GARCIA-esculando-remolacha-755x1024.jpg\" class=\"attachment-large size-large\" alt=\"\" decoding=\"async\" loading=\"lazy\" aria-describedby=\"gallery-1-1664\" srcset=\"https:\/\/cebilbilitanos.com\/wp-content\/uploads\/2017\/04\/JOSE-GARCIA-esculando-remolacha-755x1024.jpg 755w, https:\/\/cebilbilitanos.com\/wp-content\/uploads\/2017\/04\/JOSE-GARCIA-esculando-remolacha-221x300.jpg 221w, https:\/\/cebilbilitanos.com\/wp-content\/uploads\/2017\/04\/JOSE-GARCIA-esculando-remolacha-768x1041.jpg 768w, https:\/\/cebilbilitanos.com\/wp-content\/uploads\/2017\/04\/JOSE-GARCIA-esculando-remolacha.jpg 885w\" sizes=\"(max-width: 640px) 100vw, 640px\" \/><\/a>\n\t\t\t<\/dt>\n\t\t\t\t<dd class='wp-caption-text gallery-caption' id='gallery-1-1664'>\n\t\t\t\tJos\u00e9 Garc\u00eda, esculando remolacha\n\t\t\t\t<\/dd><\/dl><dl class='gallery-item'>\n\t\t\t<dt class='gallery-icon portrait'>\n\t\t\t\t<a href='https:\/\/cebilbilitanos.com\/?attachment_id=1665'><img width=\"640\" height=\"859\" src=\"https:\/\/cebilbilitanos.com\/wp-content\/uploads\/2017\/04\/TEODOSIA-SIMON-763x1024.jpg\" class=\"attachment-large size-large\" alt=\"\" decoding=\"async\" loading=\"lazy\" aria-describedby=\"gallery-1-1665\" srcset=\"https:\/\/cebilbilitanos.com\/wp-content\/uploads\/2017\/04\/TEODOSIA-SIMON-763x1024.jpg 763w, https:\/\/cebilbilitanos.com\/wp-content\/uploads\/2017\/04\/TEODOSIA-SIMON-224x300.jpg 224w, https:\/\/cebilbilitanos.com\/wp-content\/uploads\/2017\/04\/TEODOSIA-SIMON-768x1031.jpg 768w, https:\/\/cebilbilitanos.com\/wp-content\/uploads\/2017\/04\/TEODOSIA-SIMON.jpg 894w\" sizes=\"(max-width: 640px) 100vw, 640px\" \/><\/a>\n\t\t\t<\/dt>\n\t\t\t\t<dd class='wp-caption-text gallery-caption' id='gallery-1-1665'>\n\t\t\t\tTeodosia Sim\u00f3n\n\t\t\t\t<\/dd><\/dl><br style=\"clear: both\" \/>\n\t\t<\/div>\n\n<p>&nbsp;<\/p>\n","protected":false},"excerpt":{"rendered":"<p>Recientemente nos trajo Macario Hernando S\u00e1nchez una interesante colecci\u00f3n de varios miles de fotograf\u00edas y negativos sobre Mont\u00f3n, sus fiestas tradicionales y la vida cotidiana de sus gentes. Durante a\u00f1os ha recogido con su c\u00e1mara unas excelentes fotograf\u00edas de gran &hellip; <a href=\"https:\/\/cebilbilitanos.com\/?p=1661\">Sigue leyendo <span class=\"meta-nav\">&rarr;<\/span><\/a><\/p>\n","protected":false},"author":1,"featured_media":0,"comment_status":"open","ping_status":"open","sticky":false,"template":"","format":"standard","meta":[],"categories":[23],"tags":[22],"_links":{"self":[{"href":"https:\/\/cebilbilitanos.com\/index.php?rest_route=\/wp\/v2\/posts\/1661"}],"collection":[{"href":"https:\/\/cebilbilitanos.com\/index.php?rest_route=\/wp\/v2\/posts"}],"about":[{"href":"https:\/\/cebilbilitanos.com\/index.php?rest_route=\/wp\/v2\/types\/post"}],"author":[{"embeddable":true,"href":"https:\/\/cebilbilitanos.com\/index.php?rest_route=\/wp\/v2\/users\/1"}],"replies":[{"embeddable":true,"href":"https:\/\/cebilbilitanos.com\/index.php?rest_route=%2Fwp%2Fv2%2Fcomments&post=1661"}],"version-history":[{"count":3,"href":"https:\/\/cebilbilitanos.com\/index.php?rest_route=\/wp\/v2\/posts\/1661\/revisions"}],"predecessor-version":[{"id":1668,"href":"https:\/\/cebilbilitanos.com\/index.php?rest_route=\/wp\/v2\/posts\/1661\/revisions\/1668"}],"wp:attachment":[{"href":"https:\/\/cebilbilitanos.com\/index.php?rest_route=%2Fwp%2Fv2%2Fmedia&parent=1661"}],"wp:term":[{"taxonomy":"category","embeddable":true,"href":"https:\/\/cebilbilitanos.com\/index.php?rest_route=%2Fwp%2Fv2%2Fcategories&post=1661"},{"taxonomy":"post_tag","embeddable":true,"href":"https:\/\/cebilbilitanos.com\/index.php?rest_route=%2Fwp%2Fv2%2Ftags&post=1661"}],"curies":[{"name":"wp","href":"https:\/\/api.w.org\/{rel}","templated":true}]}}