{"id":1649,"date":"2017-04-04T08:05:39","date_gmt":"2017-04-04T08:05:39","guid":{"rendered":"http:\/\/cebilbilitanos.com\/?p=1649"},"modified":"2017-04-04T08:05:39","modified_gmt":"2017-04-04T08:05:39","slug":"biografias","status":"publish","type":"post","link":"https:\/\/cebilbilitanos.com\/?p=1649","title":{"rendered":"Biograf\u00edas"},"content":{"rendered":"<p><img decoding=\"async\" loading=\"lazy\" class=\"aligncenter size-full wp-image-1647\" src=\"http:\/\/cebilbilitanos.com\/wp-content\/uploads\/2017\/04\/biograf\u00edas.jpg\" alt=\"\" width=\"749\" height=\"223\" srcset=\"https:\/\/cebilbilitanos.com\/wp-content\/uploads\/2017\/04\/biograf\u00edas.jpg 749w, https:\/\/cebilbilitanos.com\/wp-content\/uploads\/2017\/04\/biograf\u00edas-300x89.jpg 300w\" sizes=\"(max-width: 749px) 100vw, 749px\" \/><\/p>\n<p>Incorporamos una nueva secci\u00f3n\u00a0 a la p\u00e1gina web titulada <a href=\"http:\/\/cebilbilitanos.com\/?page_id=1632\">BIOGRAF\u00cdAS<\/a>. En ella ir\u00e1n apareciendo breves semblanzas de personajes de Calatayud y de la Comunidad de Calatayud que est\u00e9n de actualidad por diversas circunstancias, como pueden ser el aniversario de su nacimiento o fallecimiento, un homenaje que se les haya brindado recientemente o el descubrimiento de una trayectoria vital que merezca la pena ser conocida por todos.<\/p>\n<p>Francisco Tobajas Gallego se encargar\u00e1 de documentar las biograf\u00edas de estos personajes, pero esperamos vuestras sugerencias y aportaciones.\u00a0 Empezamos con un escritor, un mago y un librero. En 1917 fallec\u00eda <strong>Joaqu\u00edn Dicenta Benedicto<\/strong>, el autor de <em>Juan Jos\u00e9<\/em>, bilbilitano accidental cuya obra sigue estando de actualidad. Por otra parte, recientemente, la Asociaci\u00f3n M\u00e1gica Aragonesa homenaje\u00f3 a <strong>Pepe Carroll<\/strong>, nombre art\u00edstico del bilbilitano Jos\u00e9 Arsenio Franco Larraz. Seguramente muchos ignoran que <strong>Marcial Pons Abejer<\/strong> era bilbilitano de nacimiento. Librero innovador, fue el creador de las prestigiosas Librer\u00edas Marcial Pons.<\/p>\n","protected":false},"excerpt":{"rendered":"<p>Incorporamos una nueva secci\u00f3n\u00a0 a la p\u00e1gina web titulada BIOGRAF\u00cdAS. En ella ir\u00e1n apareciendo breves semblanzas de personajes de Calatayud y de la Comunidad de Calatayud que est\u00e9n de actualidad por diversas circunstancias, como pueden ser el aniversario de su &hellip; <a href=\"https:\/\/cebilbilitanos.com\/?p=1649\">Sigue leyendo <span class=\"meta-nav\">&rarr;<\/span><\/a><\/p>\n","protected":false},"author":1,"featured_media":0,"comment_status":"open","ping_status":"open","sticky":false,"template":"","format":"standard","meta":[],"categories":[23],"tags":[],"_links":{"self":[{"href":"https:\/\/cebilbilitanos.com\/index.php?rest_route=\/wp\/v2\/posts\/1649"}],"collection":[{"href":"https:\/\/cebilbilitanos.com\/index.php?rest_route=\/wp\/v2\/posts"}],"about":[{"href":"https:\/\/cebilbilitanos.com\/index.php?rest_route=\/wp\/v2\/types\/post"}],"author":[{"embeddable":true,"href":"https:\/\/cebilbilitanos.com\/index.php?rest_route=\/wp\/v2\/users\/1"}],"replies":[{"embeddable":true,"href":"https:\/\/cebilbilitanos.com\/index.php?rest_route=%2Fwp%2Fv2%2Fcomments&post=1649"}],"version-history":[{"count":2,"href":"https:\/\/cebilbilitanos.com\/index.php?rest_route=\/wp\/v2\/posts\/1649\/revisions"}],"predecessor-version":[{"id":1651,"href":"https:\/\/cebilbilitanos.com\/index.php?rest_route=\/wp\/v2\/posts\/1649\/revisions\/1651"}],"wp:attachment":[{"href":"https:\/\/cebilbilitanos.com\/index.php?rest_route=%2Fwp%2Fv2%2Fmedia&parent=1649"}],"wp:term":[{"taxonomy":"category","embeddable":true,"href":"https:\/\/cebilbilitanos.com\/index.php?rest_route=%2Fwp%2Fv2%2Fcategories&post=1649"},{"taxonomy":"post_tag","embeddable":true,"href":"https:\/\/cebilbilitanos.com\/index.php?rest_route=%2Fwp%2Fv2%2Ftags&post=1649"}],"curies":[{"name":"wp","href":"https:\/\/api.w.org\/{rel}","templated":true}]}}