{"id":1628,"date":"2017-03-28T09:35:49","date_gmt":"2017-03-28T09:35:49","guid":{"rendered":"http:\/\/cebilbilitanos.com\/?p=1628"},"modified":"2017-03-28T09:35:49","modified_gmt":"2017-03-28T09:35:49","slug":"juan-mariano-mancebo-sebastian-un-publicista-genial","status":"publish","type":"post","link":"https:\/\/cebilbilitanos.com\/?p=1628","title":{"rendered":"Juan Mariano Mancebo Sebasti\u00e1n. Un publicista genial"},"content":{"rendered":"<p>El d\u00eda 17 de febrero de 2017 falleci\u00f3 en Madrid a los 65 a\u00f1os como consecuencia de un infarto Juan Mariano Mancebo Sebasti\u00e1n, nacido en Cetina en 1951.<\/p>\n<p><img decoding=\"async\" loading=\"lazy\" class=\"aligncenter size-full wp-image-1629\" src=\"http:\/\/cebilbilitanos.com\/wp-content\/uploads\/2017\/03\/unnamed.jpg\" alt=\"\" width=\"766\" height=\"410\" srcset=\"https:\/\/cebilbilitanos.com\/wp-content\/uploads\/2017\/03\/unnamed.jpg 766w, https:\/\/cebilbilitanos.com\/wp-content\/uploads\/2017\/03\/unnamed-300x161.jpg 300w\" sizes=\"(max-width: 766px) 100vw, 766px\" \/><\/p>\n<p>Fue uno de los creativos m\u00e1s destacados del mundo de la publicidad en Espa\u00f1a. Su campa\u00f1a de la ONCE de \u00abEl cuponazo\u00bb alcanz\u00f3 una gran difusi\u00f3n, as\u00ed como las de \u00abP\u00f3ntelo, p\u00f3nselo\u00bb, para el Ministerio de Sanidad, \u00abHola, soy Edu, Feliz Navidad\u00bb, para Airtel o la de \u00abPippin de TVE\u00bb, con la que gan\u00f3 su primer Gran Prix de Cannes. Hizo campa\u00f1as para numerosos organismos y empresas, como RENFE, siempre con gran \u00e9xito.<\/p>\n<p>Obtuvo m\u00e1s de treinta premios en cert\u00e1menes internacionales y nacionales. Con \u00e9l, la publicidad espa\u00f1ola alcanz\u00f3 sus cotas m\u00e1s altas. Sus trabajos ten\u00edan humor, sencillez e inteligencia.<\/p>\n<p>Est\u00e1 considerado un pionero en la publicidad de nuestro pa\u00eds. Todos coinciden en que Juan Mariano Mancebo fue el referente de una generaci\u00f3n, un creativo genial y una excelente persona. Trabaj\u00f3 para varias compa\u00f1\u00edas, pero su nombre est\u00e1 unido a Contrapunto, en la que form\u00f3 equipo \u00a0con Jos\u00e9 Mar\u00eda Lape\u00f1a, en uno de los periodos m\u00e1s fecundos de esta agencia. Fue en esta \u00e9poca, entre la segunda mitad de los 80 y la primera de los 90, cuando la publicidad espa\u00f1ola alcanz\u00f3 sus mayores \u00e9xitos mundiales, siendo la pareja m\u00e1s laureada de la publicidad en Espa\u00f1a.<\/p>\n<p>Sus campa\u00f1as publicitarias forman parte de nuestra memoria colectiva.<\/p>\n","protected":false},"excerpt":{"rendered":"<p>El d\u00eda 17 de febrero de 2017 falleci\u00f3 en Madrid a los 65 a\u00f1os como consecuencia de un infarto Juan Mariano Mancebo Sebasti\u00e1n, nacido en Cetina en 1951. Fue uno de los creativos m\u00e1s destacados del mundo de la publicidad &hellip; <a href=\"https:\/\/cebilbilitanos.com\/?p=1628\">Sigue leyendo <span class=\"meta-nav\">&rarr;<\/span><\/a><\/p>\n","protected":false},"author":1,"featured_media":0,"comment_status":"open","ping_status":"open","sticky":false,"template":"","format":"standard","meta":[],"categories":[23],"tags":[47],"_links":{"self":[{"href":"https:\/\/cebilbilitanos.com\/index.php?rest_route=\/wp\/v2\/posts\/1628"}],"collection":[{"href":"https:\/\/cebilbilitanos.com\/index.php?rest_route=\/wp\/v2\/posts"}],"about":[{"href":"https:\/\/cebilbilitanos.com\/index.php?rest_route=\/wp\/v2\/types\/post"}],"author":[{"embeddable":true,"href":"https:\/\/cebilbilitanos.com\/index.php?rest_route=\/wp\/v2\/users\/1"}],"replies":[{"embeddable":true,"href":"https:\/\/cebilbilitanos.com\/index.php?rest_route=%2Fwp%2Fv2%2Fcomments&post=1628"}],"version-history":[{"count":1,"href":"https:\/\/cebilbilitanos.com\/index.php?rest_route=\/wp\/v2\/posts\/1628\/revisions"}],"predecessor-version":[{"id":1630,"href":"https:\/\/cebilbilitanos.com\/index.php?rest_route=\/wp\/v2\/posts\/1628\/revisions\/1630"}],"wp:attachment":[{"href":"https:\/\/cebilbilitanos.com\/index.php?rest_route=%2Fwp%2Fv2%2Fmedia&parent=1628"}],"wp:term":[{"taxonomy":"category","embeddable":true,"href":"https:\/\/cebilbilitanos.com\/index.php?rest_route=%2Fwp%2Fv2%2Fcategories&post=1628"},{"taxonomy":"post_tag","embeddable":true,"href":"https:\/\/cebilbilitanos.com\/index.php?rest_route=%2Fwp%2Fv2%2Ftags&post=1628"}],"curies":[{"name":"wp","href":"https:\/\/api.w.org\/{rel}","templated":true}]}}