{"id":1620,"date":"2017-03-21T21:16:59","date_gmt":"2017-03-21T21:16:59","guid":{"rendered":"http:\/\/cebilbilitanos.com\/?p=1620"},"modified":"2017-03-21T21:16:59","modified_gmt":"2017-03-21T21:16:59","slug":"insignia-de-oro-de-la-casa-de-calatayud-en-zaragoza-al-centro-de-estudios-bilbilitanos","status":"publish","type":"post","link":"https:\/\/cebilbilitanos.com\/?p=1620","title":{"rendered":"Insignia de oro de la Casa de Calatayud en Zaragoza al Centro de Estudios Bilbilitanos"},"content":{"rendered":"<p>El d\u00eda 27 de enero de 2017 la Casa de Calatayud en Zaragoza acord\u00f3 conceder la Insignia de Oro al Centro de Estudios Bilbilitanos por su labor en la difusi\u00f3n cultural de la Comarca de Calatayud y su incondicional apoyo a la Casa a lo largo de estos a\u00f1os.<\/p>\n<p><img decoding=\"async\" loading=\"lazy\" class=\"aligncenter size-full wp-image-1621\" src=\"http:\/\/cebilbilitanos.com\/wp-content\/uploads\/2017\/03\/FOTO-ENTREGA-INSIGNIA.jpg\" alt=\"\" width=\"1600\" height=\"1200\" srcset=\"https:\/\/cebilbilitanos.com\/wp-content\/uploads\/2017\/03\/FOTO-ENTREGA-INSIGNIA.jpg 1600w, https:\/\/cebilbilitanos.com\/wp-content\/uploads\/2017\/03\/FOTO-ENTREGA-INSIGNIA-300x225.jpg 300w, https:\/\/cebilbilitanos.com\/wp-content\/uploads\/2017\/03\/FOTO-ENTREGA-INSIGNIA-768x576.jpg 768w, https:\/\/cebilbilitanos.com\/wp-content\/uploads\/2017\/03\/FOTO-ENTREGA-INSIGNIA-1024x768.jpg 1024w\" sizes=\"(max-width: 1600px) 100vw, 1600px\" \/><\/p>\n<p>El pasado s\u00e1bado, 18 de marzo, en el transcurso de una comida celebrada en un restaurante zaragozano, la Casa de Calatayud hizo entrega de dicha insignia y un diploma acreditativo al presidente y a la secretaria de este Centro de Estudios. Estuvieron presentes en el acto el alcalde de Calatayud, el concejal del distrito de Zaragoza y representantes de la Cadena Ser.<\/p>\n<p>La Casa de Calatayud en Zaragoza, que naci\u00f3 en 1980, ha estado siempre muy vinculada al CEB. Ambas instituciones han mantenido una colaboraci\u00f3n continuada a lo largo de estos 37 a\u00f1os. La Casa surgi\u00f3 como una necesidad de los bilbilitanos residentes en la capital aragonesa para mantener el contacto con Calatayud a trav\u00e9s de actividades culturales, como conferencias, exposiciones, viajes y conciertos.<\/p>\n<p>El Centro de Estudios Bilbilitanos agradece la calurosa acogida dispensada por los socios de la Casa de Calatayud en Zaragoza. Con todos ellos, pasamos unas horas muy agradables, recordando sus vivencias, su marcha a otras ciudades de la geograf\u00eda espa\u00f1ola y su vuelta a la ciudad de Zaragoza, desde donde han sabido mantener una estrecha relaci\u00f3n con su ciudad natal.<\/p>\n<p>Queremos dar las gracias especialmente a su presidente, Fernando Clemente, y\u00a0 a toda la junta directiva por las atenciones recibidas. Deseamos una proyecci\u00f3n de futuro a la Casa de Calatayud para que siga siendo un foco de difusi\u00f3n de la cultura bilbilitana.<\/p>\n","protected":false},"excerpt":{"rendered":"<p>El d\u00eda 27 de enero de 2017 la Casa de Calatayud en Zaragoza acord\u00f3 conceder la Insignia de Oro al Centro de Estudios Bilbilitanos por su labor en la difusi\u00f3n cultural de la Comarca de Calatayud y su incondicional apoyo &hellip; <a href=\"https:\/\/cebilbilitanos.com\/?p=1620\">Sigue leyendo <span class=\"meta-nav\">&rarr;<\/span><\/a><\/p>\n","protected":false},"author":1,"featured_media":0,"comment_status":"open","ping_status":"open","sticky":false,"template":"","format":"standard","meta":[],"categories":[28,23],"tags":[9],"_links":{"self":[{"href":"https:\/\/cebilbilitanos.com\/index.php?rest_route=\/wp\/v2\/posts\/1620"}],"collection":[{"href":"https:\/\/cebilbilitanos.com\/index.php?rest_route=\/wp\/v2\/posts"}],"about":[{"href":"https:\/\/cebilbilitanos.com\/index.php?rest_route=\/wp\/v2\/types\/post"}],"author":[{"embeddable":true,"href":"https:\/\/cebilbilitanos.com\/index.php?rest_route=\/wp\/v2\/users\/1"}],"replies":[{"embeddable":true,"href":"https:\/\/cebilbilitanos.com\/index.php?rest_route=%2Fwp%2Fv2%2Fcomments&post=1620"}],"version-history":[{"count":1,"href":"https:\/\/cebilbilitanos.com\/index.php?rest_route=\/wp\/v2\/posts\/1620\/revisions"}],"predecessor-version":[{"id":1622,"href":"https:\/\/cebilbilitanos.com\/index.php?rest_route=\/wp\/v2\/posts\/1620\/revisions\/1622"}],"wp:attachment":[{"href":"https:\/\/cebilbilitanos.com\/index.php?rest_route=%2Fwp%2Fv2%2Fmedia&parent=1620"}],"wp:term":[{"taxonomy":"category","embeddable":true,"href":"https:\/\/cebilbilitanos.com\/index.php?rest_route=%2Fwp%2Fv2%2Fcategories&post=1620"},{"taxonomy":"post_tag","embeddable":true,"href":"https:\/\/cebilbilitanos.com\/index.php?rest_route=%2Fwp%2Fv2%2Ftags&post=1620"}],"curies":[{"name":"wp","href":"https:\/\/api.w.org\/{rel}","templated":true}]}}