{"id":1614,"date":"2017-03-13T18:34:03","date_gmt":"2017-03-13T18:34:03","guid":{"rendered":"http:\/\/cebilbilitanos.com\/?p=1614"},"modified":"2017-03-28T09:24:57","modified_gmt":"2017-03-28T09:24:57","slug":"jose-tello-munoz-fotografo-de-paisajes-y-monumentos-de-espana","status":"publish","type":"post","link":"https:\/\/cebilbilitanos.com\/?p=1614","title":{"rendered":"Jos\u00e9 Tello Mu\u00f1oz, fot\u00f3grafo de paisajes y monumentos de Espa\u00f1a"},"content":{"rendered":"<p><img decoding=\"async\" loading=\"lazy\" class=\"aligncenter size-full wp-image-1617\" src=\"http:\/\/cebilbilitanos.com\/wp-content\/uploads\/2017\/03\/IMG_20170216_0002.jpg\" alt=\"\" width=\"800\" height=\"546\" srcset=\"https:\/\/cebilbilitanos.com\/wp-content\/uploads\/2017\/03\/IMG_20170216_0002.jpg 800w, https:\/\/cebilbilitanos.com\/wp-content\/uploads\/2017\/03\/IMG_20170216_0002-300x205.jpg 300w, https:\/\/cebilbilitanos.com\/wp-content\/uploads\/2017\/03\/IMG_20170216_0002-768x524.jpg 768w\" sizes=\"(max-width: 800px) 100vw, 800px\" \/><\/p>\n<p>Hace unos meses se puso en contacto con el CEB Miguel \u00c1ngel P\u00e9rez Tello, nieto de Jos\u00e9 Tello Mu\u00f1oz, fot\u00f3grafo aficionado de Alhama de Arag\u00f3n que dej\u00f3 para la posteridad un extraordinario legado fotogr\u00e1fico en soportes de celuloide y cristal. El CEB ha digitalizado la mayor\u00eda de estos fondos, que ya han pasado a formar parte de nuestro archivo fotogr\u00e1fico digital. Agradecemos la generosidad de la familia y las facilidades para poner a nuestra disposici\u00f3n una colecci\u00f3n de fotograf\u00edas excepcional, como pod\u00e9is ver en la muestra que adjuntamos. Estos son sus datos biogr\u00e1ficos, facilitados por Miguel \u00c1ngel Perez Tello:<\/p>\n<p><img decoding=\"async\" loading=\"lazy\" class=\"aligncenter size-full wp-image-1615\" src=\"http:\/\/cebilbilitanos.com\/wp-content\/uploads\/2017\/03\/IMG_20170223_0003.jpg\" alt=\"\" width=\"800\" height=\"518\" srcset=\"https:\/\/cebilbilitanos.com\/wp-content\/uploads\/2017\/03\/IMG_20170223_0003.jpg 800w, https:\/\/cebilbilitanos.com\/wp-content\/uploads\/2017\/03\/IMG_20170223_0003-300x194.jpg 300w, https:\/\/cebilbilitanos.com\/wp-content\/uploads\/2017\/03\/IMG_20170223_0003-768x497.jpg 768w\" sizes=\"(max-width: 800px) 100vw, 800px\" \/><\/p>\n<p><strong>\u00a0\u00a0\u00a0\u00a0\u00a0\u00a0\u00a0\u00a0\u00a0\u00a0\u00a0 <\/strong>Jos\u00e9 Tello Mu\u00f1oz (1873-1957) \u00a0naci\u00f3 en Alhama de Arag\u00f3n. Sus padres, Jos\u00e9 Tello y Antonia Mu\u00f1oz,\u00a0 instalaron unos ba\u00f1os termales, que durante tiempo llevaron su nombre y que vendieron m\u00e1s tarde. En 1885, al morir su madre como consecuencia de la epidemia de c\u00f3lera, se traslad\u00f3 junto con su padre y hermanos a Madrid, realizando sus estudios y formaci\u00f3n art\u00edstica. Llev\u00f3 a cabo m\u00faltiples viajes por toda la geograf\u00eda espa\u00f1ola como inspector de los laboratorios Ibys de los que su hermano era vicepresidente. Esto le permiti\u00f3 desarrollar su verdadera pasi\u00f3n, la fotograf\u00eda, que con la pintura no abandonar\u00eda el resto de su vida. Jos\u00e9 Tello nos descubre hoy una visi\u00f3n \u00edntima de la Espa\u00f1a de entonces sin artificios ni teatralidad, fundi\u00e9ndose con el paisaje, procurando los mejores puntos de vista y encuadres propios de un verdadero profesional, capt\u00e1ndolos con naturalidad. Puede decirse que su pintura se ve influenciada por la fotograf\u00eda o viceversa, por el tratamiento de\u00a0 la luz y la composici\u00f3n.<\/p>\n<p><img decoding=\"async\" loading=\"lazy\" class=\"aligncenter size-full wp-image-1616\" src=\"http:\/\/cebilbilitanos.com\/wp-content\/uploads\/2017\/03\/IMG_20170221_0001.jpg\" alt=\"\" width=\"800\" height=\"527\" srcset=\"https:\/\/cebilbilitanos.com\/wp-content\/uploads\/2017\/03\/IMG_20170221_0001.jpg 800w, https:\/\/cebilbilitanos.com\/wp-content\/uploads\/2017\/03\/IMG_20170221_0001-300x198.jpg 300w, https:\/\/cebilbilitanos.com\/wp-content\/uploads\/2017\/03\/IMG_20170221_0001-768x506.jpg 768w\" sizes=\"(max-width: 800px) 100vw, 800px\" \/><\/p>\n<p>Antes de comenzar la guerra que asol\u00f3 Espa\u00f1a, se instal\u00f3 con su esposa e hijos en La Coru\u00f1a como delegado de esa zona. Hombre met\u00f3dico en sus costumbres, aprovechaba la luz de la ma\u00f1ana para pintar o tratar sus fotograf\u00edas y pasar luego la tarde de tertulia en el casino de la ciudad. Falleci\u00f3 en 1957 a la edad de ochenta a\u00f1os, dej\u00e1ndonos un legado fotogr\u00e1fico y pict\u00f3rico que nos acerca a un momento ya pasado y que, gracias a personas como \u00e9l, no ha ca\u00eddo en el olvido.<\/p>\n<p>Jos\u00e9 era hermano de Francisco Tello Mu\u00f1oz, destacado disc\u00edpulo de Santiago Ram\u00f3n y Cajal.<\/p>\n","protected":false},"excerpt":{"rendered":"<p>Hace unos meses se puso en contacto con el CEB Miguel \u00c1ngel P\u00e9rez Tello, nieto de Jos\u00e9 Tello Mu\u00f1oz, fot\u00f3grafo aficionado de Alhama de Arag\u00f3n que dej\u00f3 para la posteridad un extraordinario legado fotogr\u00e1fico en soportes de celuloide y cristal. &hellip; <a href=\"https:\/\/cebilbilitanos.com\/?p=1614\">Sigue leyendo <span class=\"meta-nav\">&rarr;<\/span><\/a><\/p>\n","protected":false},"author":1,"featured_media":0,"comment_status":"open","ping_status":"open","sticky":false,"template":"","format":"standard","meta":[],"categories":[28,23],"tags":[22],"_links":{"self":[{"href":"https:\/\/cebilbilitanos.com\/index.php?rest_route=\/wp\/v2\/posts\/1614"}],"collection":[{"href":"https:\/\/cebilbilitanos.com\/index.php?rest_route=\/wp\/v2\/posts"}],"about":[{"href":"https:\/\/cebilbilitanos.com\/index.php?rest_route=\/wp\/v2\/types\/post"}],"author":[{"embeddable":true,"href":"https:\/\/cebilbilitanos.com\/index.php?rest_route=\/wp\/v2\/users\/1"}],"replies":[{"embeddable":true,"href":"https:\/\/cebilbilitanos.com\/index.php?rest_route=%2Fwp%2Fv2%2Fcomments&post=1614"}],"version-history":[{"count":2,"href":"https:\/\/cebilbilitanos.com\/index.php?rest_route=\/wp\/v2\/posts\/1614\/revisions"}],"predecessor-version":[{"id":1623,"href":"https:\/\/cebilbilitanos.com\/index.php?rest_route=\/wp\/v2\/posts\/1614\/revisions\/1623"}],"wp:attachment":[{"href":"https:\/\/cebilbilitanos.com\/index.php?rest_route=%2Fwp%2Fv2%2Fmedia&parent=1614"}],"wp:term":[{"taxonomy":"category","embeddable":true,"href":"https:\/\/cebilbilitanos.com\/index.php?rest_route=%2Fwp%2Fv2%2Fcategories&post=1614"},{"taxonomy":"post_tag","embeddable":true,"href":"https:\/\/cebilbilitanos.com\/index.php?rest_route=%2Fwp%2Fv2%2Ftags&post=1614"}],"curies":[{"name":"wp","href":"https:\/\/api.w.org\/{rel}","templated":true}]}}