{"id":1586,"date":"2017-01-24T11:26:14","date_gmt":"2017-01-24T11:26:14","guid":{"rendered":"http:\/\/cebilbilitanos.com\/?p=1586"},"modified":"2017-01-24T11:26:14","modified_gmt":"2017-01-24T11:26:14","slug":"presentacion-del-libro-guia-de-la-orquideas-de-la-comunidad-de-calatayud","status":"publish","type":"post","link":"https:\/\/cebilbilitanos.com\/?p=1586","title":{"rendered":"Presentaci\u00f3n del libro Gu\u00eda de la orqu\u00eddeas de la Comunidad de Calatayud"},"content":{"rendered":"<p><strong>Presentaci\u00f3n del libro <em>Gu\u00eda de la orqu\u00eddeas de la Comunidad de Calatayud<\/em>, de Alberto Portero Garc\u00e9s<\/strong><\/p>\n<p>El pasado jueves, 19 de enero, a las 20 horas, se present\u00f3 en la Sala Multiusos del Palacio de la Comarca Comunidad de Calatayud el libro<em> Gu\u00eda de la orqu\u00eddeas de la Comunidad de Calatayud<\/em>, de Alberto Portero Garc\u00e9s, coeditado por el CEB y la Comarca Comunidad de Calatayud.<\/p>\n<p><img decoding=\"async\" loading=\"lazy\" class=\"aligncenter size-full wp-image-1587\" src=\"http:\/\/cebilbilitanos.com\/wp-content\/uploads\/2017\/01\/orquideas.jpg\" alt=\"\" width=\"625\" height=\"464\" srcset=\"https:\/\/cebilbilitanos.com\/wp-content\/uploads\/2017\/01\/orquideas.jpg 625w, https:\/\/cebilbilitanos.com\/wp-content\/uploads\/2017\/01\/orquideas-300x223.jpg 300w\" sizes=\"(max-width: 625px) 100vw, 625px\" \/><\/p>\n<p>Intervinieron en el acto Ram\u00f3n Duce Maestro, presidente de la comarca, Jos\u00e9 F\u00e9lix Lajusticia Rubio, vicepresidente 1\u00ba y consejero del CEB, y Jos\u00e9 \u00c1ngel Urzay Barrios, presidente del CEB. Ambas instituciones, Comunidad de Calatayud y CEB, van a mantener una estrecha colaboraci\u00f3n en todo lo relacionado con la difusi\u00f3n del patrimonio comarcal. Est\u00e1n previstas nuevas publicaciones conjuntas en los pr\u00f3ximos a\u00f1os que sean de inter\u00e9s para todas las localidades que integran la comarca.<\/p>\n<p>El autor, Alberto Portero, introdujo a los asistentes en el apasionante mundo de las orqu\u00eddeas y explic\u00f3 la necesidad de preservarlas, as\u00ed como los peligros que pueden acabar con sus escasas poblaciones en la comarca. El acto estuvo muy concurrido y el sal\u00f3n se llen\u00f3 completamente.<\/p>\n<p>Para el CEB, es un libro muy significativo, pues es la primera de sus ciento treinta y ocho publicaciones que aborda de forma espec\u00edfica un tema relacionado con la Naturaleza, ya que hasta la fecha s\u00f3lo se hab\u00edan presentado algunas comunicaciones en los Encuentros de Estudios Bilbilitanos.<\/p>\n<p>El libro ya est\u00e1 a la venta en las librer\u00edas de Calatayud.<\/p>\n","protected":false},"excerpt":{"rendered":"<p>Presentaci\u00f3n del libro Gu\u00eda de la orqu\u00eddeas de la Comunidad de Calatayud, de Alberto Portero Garc\u00e9s El pasado jueves, 19 de enero, a las 20 horas, se present\u00f3 en la Sala Multiusos del Palacio de la Comarca Comunidad de Calatayud &hellip; <a href=\"https:\/\/cebilbilitanos.com\/?p=1586\">Sigue leyendo <span class=\"meta-nav\">&rarr;<\/span><\/a><\/p>\n","protected":false},"author":1,"featured_media":0,"comment_status":"open","ping_status":"open","sticky":false,"template":"","format":"standard","meta":[],"categories":[23,30],"tags":[6,45,10,11],"_links":{"self":[{"href":"https:\/\/cebilbilitanos.com\/index.php?rest_route=\/wp\/v2\/posts\/1586"}],"collection":[{"href":"https:\/\/cebilbilitanos.com\/index.php?rest_route=\/wp\/v2\/posts"}],"about":[{"href":"https:\/\/cebilbilitanos.com\/index.php?rest_route=\/wp\/v2\/types\/post"}],"author":[{"embeddable":true,"href":"https:\/\/cebilbilitanos.com\/index.php?rest_route=\/wp\/v2\/users\/1"}],"replies":[{"embeddable":true,"href":"https:\/\/cebilbilitanos.com\/index.php?rest_route=%2Fwp%2Fv2%2Fcomments&post=1586"}],"version-history":[{"count":1,"href":"https:\/\/cebilbilitanos.com\/index.php?rest_route=\/wp\/v2\/posts\/1586\/revisions"}],"predecessor-version":[{"id":1588,"href":"https:\/\/cebilbilitanos.com\/index.php?rest_route=\/wp\/v2\/posts\/1586\/revisions\/1588"}],"wp:attachment":[{"href":"https:\/\/cebilbilitanos.com\/index.php?rest_route=%2Fwp%2Fv2%2Fmedia&parent=1586"}],"wp:term":[{"taxonomy":"category","embeddable":true,"href":"https:\/\/cebilbilitanos.com\/index.php?rest_route=%2Fwp%2Fv2%2Fcategories&post=1586"},{"taxonomy":"post_tag","embeddable":true,"href":"https:\/\/cebilbilitanos.com\/index.php?rest_route=%2Fwp%2Fv2%2Ftags&post=1586"}],"curies":[{"name":"wp","href":"https:\/\/api.w.org\/{rel}","templated":true}]}}