{"id":1581,"date":"2017-01-12T17:42:07","date_gmt":"2017-01-12T17:42:07","guid":{"rendered":"http:\/\/cebilbilitanos.com\/?p=1581"},"modified":"2017-01-12T17:43:23","modified_gmt":"2017-01-12T17:43:23","slug":"1581","status":"publish","type":"post","link":"https:\/\/cebilbilitanos.com\/?p=1581","title":{"rendered":"Gu\u00eda de las orqu\u00eddeas de la Comunidad de Calatayud, de Alberto Portero"},"content":{"rendered":"<p>El Centro de Estudios Bilbilitanos, de la Instituci\u00f3n \u201cFernando el Cat\u00f3lico\u201d y la Comarca Comunidad de Calatayud, invitan\u00a0a la presentaci\u00f3n del libro:<\/p>\n<p>GU\u00cdA DE LAS ORQU\u00cdDEAS DE LA COMUNIDAD DE CALATAYUD,\u00a0de\u00a0Alberto Portero Garc\u00e9s<\/p>\n<p>Tendr\u00e1 lugar en la Sala Multiusos del Palacio de la Comarca Comunidad de Calatayud el jueves, 19 de enero de 2017, a las 20:00 horas.<\/p>\n<p><img decoding=\"async\" loading=\"lazy\" class=\"aligncenter size-full wp-image-1582\" src=\"http:\/\/cebilbilitanos.com\/wp-content\/uploads\/2017\/01\/orquideas.png\" alt=\"\" width=\"625\" height=\"858\" srcset=\"https:\/\/cebilbilitanos.com\/wp-content\/uploads\/2017\/01\/orquideas.png 625w, https:\/\/cebilbilitanos.com\/wp-content\/uploads\/2017\/01\/orquideas-219x300.png 219w\" sizes=\"(max-width: 625px) 100vw, 625px\" \/><\/p>\n","protected":false},"excerpt":{"rendered":"<p>El Centro de Estudios Bilbilitanos, de la Instituci\u00f3n \u201cFernando el Cat\u00f3lico\u201d y la Comarca Comunidad de Calatayud, invitan\u00a0a la presentaci\u00f3n del libro: GU\u00cdA DE LAS ORQU\u00cdDEAS DE LA COMUNIDAD DE CALATAYUD,\u00a0de\u00a0Alberto Portero Garc\u00e9s Tendr\u00e1 lugar en la Sala Multiusos del &hellip; <a href=\"https:\/\/cebilbilitanos.com\/?p=1581\">Sigue leyendo <span class=\"meta-nav\">&rarr;<\/span><\/a><\/p>\n","protected":false},"author":1,"featured_media":0,"comment_status":"open","ping_status":"open","sticky":false,"template":"","format":"standard","meta":[],"categories":[28,23,30],"tags":[45,7,10,11],"_links":{"self":[{"href":"https:\/\/cebilbilitanos.com\/index.php?rest_route=\/wp\/v2\/posts\/1581"}],"collection":[{"href":"https:\/\/cebilbilitanos.com\/index.php?rest_route=\/wp\/v2\/posts"}],"about":[{"href":"https:\/\/cebilbilitanos.com\/index.php?rest_route=\/wp\/v2\/types\/post"}],"author":[{"embeddable":true,"href":"https:\/\/cebilbilitanos.com\/index.php?rest_route=\/wp\/v2\/users\/1"}],"replies":[{"embeddable":true,"href":"https:\/\/cebilbilitanos.com\/index.php?rest_route=%2Fwp%2Fv2%2Fcomments&post=1581"}],"version-history":[{"count":2,"href":"https:\/\/cebilbilitanos.com\/index.php?rest_route=\/wp\/v2\/posts\/1581\/revisions"}],"predecessor-version":[{"id":1584,"href":"https:\/\/cebilbilitanos.com\/index.php?rest_route=\/wp\/v2\/posts\/1581\/revisions\/1584"}],"wp:attachment":[{"href":"https:\/\/cebilbilitanos.com\/index.php?rest_route=%2Fwp%2Fv2%2Fmedia&parent=1581"}],"wp:term":[{"taxonomy":"category","embeddable":true,"href":"https:\/\/cebilbilitanos.com\/index.php?rest_route=%2Fwp%2Fv2%2Fcategories&post=1581"},{"taxonomy":"post_tag","embeddable":true,"href":"https:\/\/cebilbilitanos.com\/index.php?rest_route=%2Fwp%2Fv2%2Ftags&post=1581"}],"curies":[{"name":"wp","href":"https:\/\/api.w.org\/{rel}","templated":true}]}}