{"id":1570,"date":"2016-12-27T08:56:42","date_gmt":"2016-12-27T08:56:42","guid":{"rendered":"http:\/\/cebilbilitanos.com\/?p=1570"},"modified":"2016-12-27T08:59:32","modified_gmt":"2016-12-27T08:59:32","slug":"1570","status":"publish","type":"post","link":"https:\/\/cebilbilitanos.com\/?p=1570","title":{"rendered":"Investigaci\u00f3n en la Comunidad de Calatayud"},"content":{"rendered":"<p>La investigaci\u00f3n en la Comunidad de Calatayud re\u00fane a un pu\u00f1ado de personas y de asociaciones que dedican su trabajo al conocimiento del territorio desde los m\u00e1s diversos puntos de vista.<\/p>\n<p><img decoding=\"async\" loading=\"lazy\" class=\"aligncenter size-full wp-image-1291\" src=\"http:\/\/cebilbilitanos.com\/wp-content\/uploads\/2016\/12\/cartelweb.jpg\" alt=\"cartelweb\" width=\"579\" height=\"483\" srcset=\"https:\/\/cebilbilitanos.com\/wp-content\/uploads\/2016\/12\/cartelweb.jpg 579w, https:\/\/cebilbilitanos.com\/wp-content\/uploads\/2016\/12\/cartelweb-300x250.jpg 300w\" sizes=\"(max-width: 579px) 100vw, 579px\" \/><\/p>\n<p>En esta <a href=\"http:\/\/cebilbilitanos.com\/?page_id=1290\">secci\u00f3n<\/a> recopilamos sus datos y campo de trabajo, no s\u00f3lo con el fin de darlo a conocer sino y, sobre todo, para intentar que confluyan en ella las sinergias de otras personas interesadas en nuestro entorno.<\/p>\n<p><strong><a href=\"http:\/\/cebilbilitanos.com\/?page_id=1290\">Visitar la secci\u00f3n<\/a><\/strong>.<\/p>\n","protected":false},"excerpt":{"rendered":"<p>La investigaci\u00f3n en la Comunidad de Calatayud re\u00fane a un pu\u00f1ado de personas y de asociaciones que dedican su trabajo al conocimiento del territorio desde los m\u00e1s diversos puntos de vista. En esta secci\u00f3n recopilamos sus datos y campo de &hellip; <a href=\"https:\/\/cebilbilitanos.com\/?p=1570\">Sigue leyendo <span class=\"meta-nav\">&rarr;<\/span><\/a><\/p>\n","protected":false},"author":1,"featured_media":0,"comment_status":"open","ping_status":"open","sticky":false,"template":"","format":"standard","meta":[],"categories":[28,23],"tags":[41],"_links":{"self":[{"href":"https:\/\/cebilbilitanos.com\/index.php?rest_route=\/wp\/v2\/posts\/1570"}],"collection":[{"href":"https:\/\/cebilbilitanos.com\/index.php?rest_route=\/wp\/v2\/posts"}],"about":[{"href":"https:\/\/cebilbilitanos.com\/index.php?rest_route=\/wp\/v2\/types\/post"}],"author":[{"embeddable":true,"href":"https:\/\/cebilbilitanos.com\/index.php?rest_route=\/wp\/v2\/users\/1"}],"replies":[{"embeddable":true,"href":"https:\/\/cebilbilitanos.com\/index.php?rest_route=%2Fwp%2Fv2%2Fcomments&post=1570"}],"version-history":[{"count":2,"href":"https:\/\/cebilbilitanos.com\/index.php?rest_route=\/wp\/v2\/posts\/1570\/revisions"}],"predecessor-version":[{"id":1574,"href":"https:\/\/cebilbilitanos.com\/index.php?rest_route=\/wp\/v2\/posts\/1570\/revisions\/1574"}],"wp:attachment":[{"href":"https:\/\/cebilbilitanos.com\/index.php?rest_route=%2Fwp%2Fv2%2Fmedia&parent=1570"}],"wp:term":[{"taxonomy":"category","embeddable":true,"href":"https:\/\/cebilbilitanos.com\/index.php?rest_route=%2Fwp%2Fv2%2Fcategories&post=1570"},{"taxonomy":"post_tag","embeddable":true,"href":"https:\/\/cebilbilitanos.com\/index.php?rest_route=%2Fwp%2Fv2%2Ftags&post=1570"}],"curies":[{"name":"wp","href":"https:\/\/api.w.org\/{rel}","templated":true}]}}