{"id":152,"date":"2015-02-03T16:17:49","date_gmt":"2015-02-03T16:17:49","guid":{"rendered":"http:\/\/cebilbilitanos.com\/?p=152"},"modified":"2015-09-10T16:25:06","modified_gmt":"2015-09-10T16:25:06","slug":"bajo-las-estrellas","status":"publish","type":"post","link":"https:\/\/cebilbilitanos.com\/?p=152","title":{"rendered":"Bajo las estrellas"},"content":{"rendered":"<div class=\"separator\" style=\"clear: both; text-align: center;\"><a style=\"margin-left: 1em; margin-right: 1em;\" href=\"http:\/\/1.bp.blogspot.com\/-o58Z-mGVW0w\/VNEh_JJC8oI\/AAAAAAAASR0\/4rDUExvDfBg\/s1600\/estrellas.jpg\"><img decoding=\"async\" src=\"http:\/\/1.bp.blogspot.com\/-o58Z-mGVW0w\/VNEh_JJC8oI\/AAAAAAAASR0\/4rDUExvDfBg\/s1600\/estrellas.jpg\" alt=\"\" border=\"0\" \/><\/a><\/div>\n<p>&nbsp;<\/p>\n<div class=\"MsoNormal\" style=\"text-align: justify;\">Francisco Tobajas Gallego<\/div>\n<div class=\"MsoNormal\" style=\"text-align: justify;\"><\/div>\n<div class=\"MsoNormal\" style=\"text-align: justify;\">\u00a0\u00a0\u00a0\u00a0\u00a0\u00a0\u00a0\u00a0\u00a0\u00a0\u00a0 El\u00a0pasado 19 de febrero de 2015 se present\u00f3 en el Sal\u00f3n Multiusos del Ayuntamiento\u00a0de Calatayud el libro de fotograf\u00eda <i>Bajo\u00a0las estrellas<\/i>, de Juan Jos\u00e9 Ceamanos Redondo y Ricardo Cort\u00e9s L\u00e1zaro, que\u00a0ha sido editado por el Centro de Estudios Bilbilitanos en su colecci\u00f3n\u00a0Calatayud en la fotograf\u00eda. Acompa\u00f1\u00f3 a los autores Jos\u00e9 Ver\u00f3n Gormaz, a quien\u00a0se le debe el pr\u00f3logo de este libro.<\/div>\n<div class=\"MsoNormal\" style=\"text-align: justify;\"><\/div>\n<div class=\"MsoNormal\" style=\"text-align: justify;\"><\/div>\n<div class=\"MsoNormal\" style=\"text-align: justify;\">\u00a0\u00a0\u00a0\u00a0\u00a0\u00a0\u00a0\u00a0\u00a0\u00a0\u00a0 Esta\u00a0colecci\u00f3n de Calatayud en la fotograf\u00eda fue una idea del entonces presidente\u00a0del Centro de Estudios Bilbilitanos, Agust\u00edn Sanmiguel, que fue bien acogida\u00a0por los miembros de la Comisi\u00f3n Permanente. La inaugur\u00f3 Pepe Ver\u00f3n con un libro\u00a0titulado <i>Calatayud, sue\u00f1os e im\u00e1genes<\/i>,\u00a0cuya primera edici\u00f3n se agot\u00f3 r\u00e1pidamente, aunque la impresi\u00f3n, seg\u00fan el mismo\u00a0autor, no era muy buena. Pronto se hizo una segunda edici\u00f3n con una mejor\u00a0impresi\u00f3n. Desde entonces se han publicado libros de varios fot\u00f3grafos de\u00a0Calatayud y de su comarca. Ahora les tocaba el turno a dos fot\u00f3grafos\u00a0bilbilitanos, Ricardo Cort\u00e9s y Juan Jos\u00e9 Ceamanos, con un libro de fotograf\u00edas\u00a0nocturnas de la Comarca de Calatayud, \u00aboriginal y arriesgado\u00bb, cuya\u00a0\u00aboriginalidad y la diferente visi\u00f3n vienen a abrir un nuevo camino\u00bb, seg\u00fan escribe\u00a0Ver\u00f3n en el pr\u00f3logo. Pepe Ver\u00f3n se\u00f1al\u00f3 tambi\u00e9n que cada fot\u00f3grafo \u00abdesarrolla\u00a0su trabajo con personalidad, con su particular estilo; y aunque coinciden\u00a0frecuentemente en el tema, siempre muestran enfoques diferentes\u00bb, con dos\u00a0\u00abformas de ver, de expresarse, y las dos con muy buenos resultados\u00bb. Para\u00a0Ver\u00f3n, el resultado de este trabajo \u00abes digno de todo elogio\u00bb.<\/div>\n<div class=\"MsoNormal\" style=\"text-align: justify;\"><\/div>\n<div class=\"MsoNormal\" style=\"text-align: justify;\"><\/div>\n<div class=\"separator\" style=\"clear: both; text-align: center;\"><a style=\"margin-left: 1em; margin-right: 1em;\" href=\"http:\/\/3.bp.blogspot.com\/-YZnHgXU9Qeo\/VUC_Pu51OsI\/AAAAAAAATjE\/cgjFANV1Ayg\/s1600\/DSC01711.jpg\"><img decoding=\"async\" src=\"http:\/\/3.bp.blogspot.com\/-YZnHgXU9Qeo\/VUC_Pu51OsI\/AAAAAAAATjE\/cgjFANV1Ayg\/s1600\/DSC01711.jpg\" alt=\"\" border=\"0\" \/><\/a><\/div>\n<div class=\"MsoNormal\" style=\"text-align: justify;\"><\/div>\n<div class=\"MsoNormal\" style=\"text-align: justify;\"><\/div>\n<div class=\"MsoNormal\" style=\"text-align: justify;\">\u00a0\u00a0\u00a0\u00a0\u00a0\u00a0\u00a0\u00a0\u00a0\u00a0\u00a0 Ricardo\u00a0Cort\u00e9s y Juan Jos\u00e9 Ceamanos se conocieron en enero de 2007 y poco despu\u00e9s\u00a0fundaron la Asociaci\u00f3n Fotogr\u00e1fica de Calatayud, a la que bautizaron con el\u00a0nombre de Jos\u00e9 Ver\u00f3n. El trabajo diario les dio la posibilidad de conocerse y\u00a0gracias a esa confianza mutua ha surgido este trabajo.<\/div>\n<div class=\"MsoNormal\" style=\"text-align: justify;\"><\/div>\n<div class=\"MsoNormal\" style=\"text-align: justify;\"><\/div>\n<div class=\"MsoNormal\" style=\"text-align: justify;\">\u00a0\u00a0\u00a0\u00a0\u00a0\u00a0\u00a0\u00a0\u00a0\u00a0\u00a0 Ricardo\u00a0Cort\u00e9s se\u00f1al\u00f3 que un buen d\u00eda navegando por internet, se encontr\u00f3 con el\u00a0trabajo del navarro Mart\u00edn Zalba, al que considera como uno de los mejores\u00a0fot\u00f3grafos de nocturnas en Espa\u00f1a. La Asociaci\u00f3n Fotogr\u00e1fica local consigui\u00f3\u00a0que en 2008-2009 Zalba impartiera en Calatayud un cursillo, ense\u00f1\u00e1ndoles los\u00a0primeros conceptos de la fotograf\u00eda nocturna y circumpolar. Aquellas ense\u00f1anzas\u00a0se convirtieron en un gran acicate para salir a fotografiar de noche.<\/div>\n<div class=\"MsoNormal\" style=\"text-align: justify;\"><\/div>\n<div class=\"MsoNormal\" style=\"text-align: justify;\"><\/div>\n<div class=\"MsoNormal\" style=\"text-align: justify; text-indent: 35.4pt;\">Los mismos autores\u00a0escriben en la presentaci\u00f3n de su libro: \u00abFotografiar, por definici\u00f3n, es\u00a0escribir con luz. A veces, son demasiadas las luces que nos separan de una\u00a0buena imagen. A veces, la ausencia de luz expresa m\u00e1s que su exceso\u00bb. Y\u00a0confiesan que para ellos, \u00abfotografiar es m\u00e1s que escribir con luces y sombras;\u00a0es m\u00e1s que capturar un momento de la existencia; es narrar la incesante\u00a0historia congelando sus instantes. Congeladas, que no muertas. Estables, que no\u00a0inertes\u00bb.<\/div>\n<div class=\"MsoNormal\" style=\"text-align: justify; text-indent: 35.4pt;\"><\/div>\n<div class=\"MsoNormal\" style=\"text-align: justify; text-indent: 35.4pt;\"><\/div>\n<div class=\"MsoNormal\" style=\"text-align: justify;\">\u00a0\u00a0\u00a0\u00a0\u00a0\u00a0\u00a0\u00a0\u00a0\u00a0\u00a0 Ricardo\u00a0Cort\u00e9s recordaba una noche fant\u00e1stica que hab\u00edan pasado en Villanueva de Jal\u00f3n,\u00a0donde hab\u00edan llevado a la pr\u00e1ctica todo lo que hab\u00edan aprendido hasta entonces.\u00a0Luego con la compra de nuevo material, sus trabajos fueron ganando en calidad.\u00a0Cort\u00e9s se\u00f1al\u00f3 que en una fotograf\u00eda nocturna se viene a invertir cuarenta\u00a0minutos para la toma y otros cuarenta minutos en el procesado. Y tambi\u00e9n consider\u00f3\u00a0los numerosos inconvenientes de esta fotograf\u00eda nocturna, como es un cielo con\u00a0nubes, largos desplazamientos, cargar con el equipo por caminos a oscuras, el\u00a0control manual de la c\u00e1mara para lograr una imagen de calidad, peligro de\u00a0ca\u00eddas, no tener cobertura en el m\u00f3vil\u2026 Por todo esto recomend\u00f3 ir siempre\u00a0acompa\u00f1ado. El procesado es tambi\u00e9n muy importante, labor que cada uno lleva a\u00a0cabo a su modo y manera, y as\u00ed acaba de madurar la fotograf\u00eda.<\/div>\n<div class=\"MsoNormal\" style=\"text-align: justify;\"><\/div>\n<div class=\"MsoNormal\" style=\"text-align: justify;\"><\/div>\n<div class=\"MsoNormal\" style=\"text-align: justify;\">\u00a0\u00a0\u00a0\u00a0\u00a0\u00a0\u00a0\u00a0\u00a0\u00a0\u00a0 Ricardo\u00a0Cort\u00e9s agradeci\u00f3 al Centro de Estudios Bilbilitanos su confianza, al\u00a0Ayuntamiento de Calatayud su disposici\u00f3n, pues hab\u00eda facilitado el acceso a algunos\u00a0lugares cerrados, que se hab\u00edan elegido para fotografiar, y tambi\u00e9n a los numerosos\u00a0alumnos que se dieron cita en este acto.<\/div>\n<div class=\"MsoNormal\" style=\"text-align: justify;\"><\/div>\n<div class=\"MsoNormal\" style=\"text-align: justify;\"><\/div>\n<div class=\"MsoNormal\" style=\"text-align: justify;\">\u00a0\u00a0\u00a0\u00a0\u00a0\u00a0\u00a0\u00a0\u00a0\u00a0\u00a0 Juan\u00a0Jos\u00e9 Ceamanos se\u00f1al\u00f3 que este a\u00f1o era el A\u00f1o Internacional de la luz, de las\u00a0estrellas. Y la fotograf\u00eda tambi\u00e9n era luz. Confes\u00f3 que le gustaba la poes\u00eda,\u00a0por eso mismo mirar al cielo era una forma como otra cualquiera para encontrarse\u00a0cada uno a s\u00ed mismo, pues todos somos consecuencia de esa luz. En el cielo,\u00a0mirando al universo, trataba de descifrar sus sentimientos. La mitolog\u00eda estaba\u00a0toda completa y descrita all\u00e1 arriba. Toda la Grecia cl\u00e1sica estaba todas las\u00a0noches sobre su cabeza.<\/div>\n<div class=\"MsoNormal\" style=\"text-align: justify;\"><\/div>\n<div class=\"MsoNormal\" style=\"text-align: justify;\"><\/div>\n<div class=\"MsoNormal\" style=\"text-align: justify;\">\u00a0\u00a0\u00a0\u00a0\u00a0\u00a0\u00a0\u00a0\u00a0\u00a0\u00a0 Ceamanos\u00a0explic\u00f3 que para fotograf\u00edas nocturnas era preciso esperar una noche estrellada\u00a0del ciclo de la luna nueva, para encontrar menos luz. Por el d\u00eda, Ricardo\u00a0Cort\u00e9s buscaba localizaciones con la moto, a las que se\u00f1alaba con una banderola\u00a0roja. Y ya en la noche cerrada trataban de encontrar aquellas localizaciones, a\u00a0veces recorriendo a pie varios kil\u00f3metros por trochas y veredas, para plantar\u00a0la c\u00e1mara delante del objetivo, que apenas se distingue e intuye, y componer a\u00a0oscuras, mientras se oyen extra\u00f1os ruidos, para por fin tirar hacia el norte o\u00a0hacia el sur. Ceamanos dijo sentir una extra\u00f1a atracci\u00f3n por los apeaderos\u00a0abandonados y por las ruinas.<\/div>\n<div class=\"MsoNormal\" style=\"text-align: justify;\"><\/div>\n<div class=\"MsoNormal\" style=\"text-align: justify;\"><\/div>\n<div class=\"MsoNormal\" style=\"text-align: justify;\">\u00a0\u00a0\u00a0\u00a0\u00a0\u00a0\u00a0\u00a0\u00a0\u00a0\u00a0 Con\u00a0los agradecimientos de rigor, Ceamanos a\u00f1adi\u00f3 que le gustaba la astronom\u00eda, la\u00a0poes\u00eda y la fotograf\u00eda, que todas riman, mostrando una pasi\u00f3n desbordante por\u00a0este arte que le tiene completamente atrapado. La luz debe seguir escribiendo,\u00a0a\u00fan de noche, pues como precis\u00f3 Pepe Ver\u00f3n, la fotograf\u00eda les necesita.<\/div>\n","protected":false},"excerpt":{"rendered":"<p>&nbsp; Francisco Tobajas Gallego \u00a0\u00a0\u00a0\u00a0\u00a0\u00a0\u00a0\u00a0\u00a0\u00a0\u00a0 El\u00a0pasado 19 de febrero de 2015 se present\u00f3 en el Sal\u00f3n Multiusos del Ayuntamiento\u00a0de Calatayud el libro de fotograf\u00eda Bajo\u00a0las estrellas, de Juan Jos\u00e9 Ceamanos Redondo y Ricardo Cort\u00e9s L\u00e1zaro, que\u00a0ha sido editado por el &hellip; <a href=\"https:\/\/cebilbilitanos.com\/?p=152\">Sigue leyendo <span class=\"meta-nav\">&rarr;<\/span><\/a><\/p>\n","protected":false},"author":1,"featured_media":0,"comment_status":"open","ping_status":"open","sticky":false,"template":"","format":"standard","meta":[],"categories":[23],"tags":[6,22,10,11],"_links":{"self":[{"href":"https:\/\/cebilbilitanos.com\/index.php?rest_route=\/wp\/v2\/posts\/152"}],"collection":[{"href":"https:\/\/cebilbilitanos.com\/index.php?rest_route=\/wp\/v2\/posts"}],"about":[{"href":"https:\/\/cebilbilitanos.com\/index.php?rest_route=\/wp\/v2\/types\/post"}],"author":[{"embeddable":true,"href":"https:\/\/cebilbilitanos.com\/index.php?rest_route=\/wp\/v2\/users\/1"}],"replies":[{"embeddable":true,"href":"https:\/\/cebilbilitanos.com\/index.php?rest_route=%2Fwp%2Fv2%2Fcomments&post=152"}],"version-history":[{"count":1,"href":"https:\/\/cebilbilitanos.com\/index.php?rest_route=\/wp\/v2\/posts\/152\/revisions"}],"predecessor-version":[{"id":153,"href":"https:\/\/cebilbilitanos.com\/index.php?rest_route=\/wp\/v2\/posts\/152\/revisions\/153"}],"wp:attachment":[{"href":"https:\/\/cebilbilitanos.com\/index.php?rest_route=%2Fwp%2Fv2%2Fmedia&parent=152"}],"wp:term":[{"taxonomy":"category","embeddable":true,"href":"https:\/\/cebilbilitanos.com\/index.php?rest_route=%2Fwp%2Fv2%2Fcategories&post=152"},{"taxonomy":"post_tag","embeddable":true,"href":"https:\/\/cebilbilitanos.com\/index.php?rest_route=%2Fwp%2Fv2%2Ftags&post=152"}],"curies":[{"name":"wp","href":"https:\/\/api.w.org\/{rel}","templated":true}]}}