{"id":150,"date":"2015-02-03T16:10:10","date_gmt":"2015-02-03T16:10:10","guid":{"rendered":"http:\/\/cebilbilitanos.com\/?p=150"},"modified":"2015-09-10T16:17:44","modified_gmt":"2015-09-10T16:17:44","slug":"el-sistema-defensivo-musulman-entre-las-marcas-media-y-superior-de-al-andalus","status":"publish","type":"post","link":"https:\/\/cebilbilitanos.com\/?p=150","title":{"rendered":"EL SISTEMA DEFENSIVO MUSULM\u00c1N ENTRE LAS MARCAS MEDIA Y SUPERIOR DE AL-ANDALUS"},"content":{"rendered":"<div class=\"separator\" style=\"clear: both; text-align: center;\"><a style=\"margin-left: 1em; margin-right: 1em;\" href=\"http:\/\/3.bp.blogspot.com\/-v-JTt_uJ61o\/VNEhpmGbDQI\/AAAAAAAASRs\/m9dgXQB1EwY\/s1600\/alejandre.jpg\"><img decoding=\"async\" src=\"http:\/\/3.bp.blogspot.com\/-v-JTt_uJ61o\/VNEhpmGbDQI\/AAAAAAAASRs\/m9dgXQB1EwY\/s1600\/alejandre.jpg\" alt=\"\" border=\"0\" \/><\/a><\/div>\n<p>&nbsp;<\/p>\n<div class=\"MsoNormal\" style=\"line-height: 115%; text-align: justify;\"><b>Francisco\u00a0Tobajas Gallego<\/b><\/div>\n<div class=\"MsoNormal\" style=\"line-height: 115%; text-align: justify;\"><\/div>\n<div class=\"MsoNormal\" style=\"line-height: 115%; text-align: justify;\">\u00a0\u00a0\u00a0\u00a0\u00a0\u00a0\u00a0\u00a0\u00a0\u00a0\u00a0 El pasado 9 de febrero se present\u00f3\u00a0en el Sal\u00f3n Multiusos del Ayuntamiento de Calatayud el libro <i>El sistema defensivo musulm\u00e1n entre las\u00a0Marcas Media y Superior de al-Andalus (siglos X-XII)<\/i>, de Vicente Alejandre\u00a0Alcalde, que ha sido editado por el Centro de Estudios Bilbilitanos. El autor\u00a0estuvo acompa\u00f1ado por el vicepresidente del Centro de Estudios Bilbilitanos,\u00a0Jos\u00e9 Ram\u00f3n Olalla, y por el consejero Carlos S\u00e1enz Preciado.<\/div>\n<div class=\"MsoNormal\" style=\"line-height: 115%; text-align: justify;\"><\/div>\n<div class=\"MsoNormal\" style=\"line-height: 115%; text-align: justify;\"><\/div>\n<div class=\"separator\" style=\"clear: both; text-align: center;\"><a style=\"margin-left: 1em; margin-right: 1em;\" href=\"http:\/\/4.bp.blogspot.com\/-Tky5CJiRFjs\/VOOMn9LMZDI\/AAAAAAAASgA\/iZNQ-tziqP4\/s1600\/DSC01710.jpg\"><img decoding=\"async\" loading=\"lazy\" src=\"http:\/\/4.bp.blogspot.com\/-Tky5CJiRFjs\/VOOMn9LMZDI\/AAAAAAAASgA\/iZNQ-tziqP4\/s1600\/DSC01710.jpg\" alt=\"\" width=\"640\" height=\"480\" border=\"0\" \/><\/a><\/div>\n<div class=\"MsoNormal\" style=\"line-height: 115%; text-align: justify;\"><\/div>\n<div class=\"MsoNormal\" style=\"line-height: 115%; text-align: justify;\"><\/div>\n<div class=\"MsoNormal\" style=\"line-height: 115%; text-align: justify;\">\u00a0\u00a0\u00a0\u00a0\u00a0\u00a0\u00a0\u00a0\u00a0\u00a0\u00a0 Carlos S\u00e1enz se\u00f1al\u00f3 que en una\u00a0tierra donde no faltan las historias de moras encantadas y tesoros escondidos,\u00a0\u00abhac\u00eda falta un trabajo que aportase una visi\u00f3n global, de conjunto, sobre las\u00a0fortificaciones musulmanas\u00bb. Con este libro, Vicente Alejandre hab\u00eda aportado\u00a0una \u00abnueva visi\u00f3n\u00bb del sistema defensivo musulm\u00e1n, apoy\u00e1ndose en las fuentes\u00a0escritas y arqueol\u00f3gicas, de un amplio territorio enmarcado entre el Duero y el\u00a0Jal\u00f3n, tierras de frontera.\u00a0 En \u00e9l se\u00a0sit\u00faan las monumentales alcazabas y fortalezas de Calatayud, Medinaceli o\u00a0Gormaz, pero tambi\u00e9n peque\u00f1as alquer\u00edas y atalayas que salpican el territorio y\u00a0que se encuentran en grave peligro de desaparici\u00f3n.<\/div>\n<div class=\"MsoNormal\" style=\"line-height: 115%; text-align: justify;\"><\/div>\n<div class=\"MsoNormal\" style=\"line-height: 115%; text-align: justify;\"><\/div>\n<div class=\"MsoNormal\" style=\"line-height: 115%; tab-stops: 35.4pt 70.8pt 106.2pt 141.6pt right 425.2pt; text-align: justify;\">\u00a0\u00a0\u00a0\u00a0\u00a0\u00a0\u00a0\u00a0\u00a0\u00a0\u00a0 En el pr\u00f3logo, Mario Lafuente G\u00f3mez\u00a0felicita al autor por el resultado de su trabajo, \u00abun s\u00f3lido estudio apoyado en\u00a0un extraordinario repertorio de fuentes\u00bb, en el que se han utilizado los\u00a0registros f\u00edsicos, arqueol\u00f3gicos, escritos y onom\u00e1sticos.<\/div>\n<div class=\"MsoNormal\" style=\"line-height: 115%; tab-stops: 35.4pt 70.8pt 106.2pt 141.6pt right 425.2pt; text-align: justify;\"><\/div>\n<div class=\"MsoNormal\" style=\"line-height: 115%; tab-stops: 35.4pt 70.8pt 106.2pt 141.6pt right 425.2pt; text-align: justify;\"><\/div>\n<div class=\"MsoNormal\" style=\"line-height: 115%; tab-stops: 35.4pt 70.8pt 106.2pt 141.6pt right 425.2pt; text-align: justify;\">\u00a0\u00a0\u00a0\u00a0\u00a0\u00a0\u00a0\u00a0\u00a0\u00a0\u00a0 Vicente Alejandre, que dedica su\u00a0libro a las gentes de la Raya, supervivientes en tierras de frontera, se\u00f1al\u00f3\u00a0que su estudio trataba de aproximarse, desde un punto de vista hist\u00f3rico y\u00a0arqueol\u00f3gico, al sistema defensivo musulm\u00e1n implantado entre los r\u00edos Duero y\u00a0Jal\u00f3n que, durante la alta Edad Media, formaba parte de la frontera\u00a0septentrional, frente a los territorios cristianos del norte. Su trabajo ha\u00a0consistido en situar las distintas fortificaciones, que conformaban un verdadero\u00a0sistema castral, dispuestas para la defensa del territorio, con sus conexiones\u00a0\u00f3pticas y terrestres, existentes entre unas y otras. El autor ha repasado las\u00a0fuentes documentales, tanto musulmanas como cristianas, la toponimia de origen\u00a0ar\u00e1bigo, tan abundante en algunos sectores de nuestra regi\u00f3n, dejando que la\u00a0arqueolog\u00eda diga la \u00faltima palabra para reconocer con seguridad un asentamiento\u00a0como isl\u00e1mico. El autor se\u00f1al\u00f3 que la catalogaci\u00f3n de algunos de los restos\u00a0constructivos de este estudio, pod\u00eda resultar dudosa, hasta que la arqueolog\u00eda\u00a0lo confirmara.<\/div>\n<div class=\"MsoNormal\" style=\"line-height: 115%; tab-stops: 35.4pt 70.8pt 106.2pt 141.6pt right 425.2pt; text-align: justify;\"><\/div>\n<div class=\"MsoNormal\" style=\"line-height: 115%; tab-stops: 35.4pt 70.8pt 106.2pt 141.6pt right 425.2pt; text-align: justify;\"><\/div>\n<div class=\"MsoNormal\" style=\"line-height: 115%; tab-stops: 35.4pt 70.8pt 106.2pt 141.6pt right 425.2pt; text-align: justify;\">\u00a0\u00a0\u00a0\u00a0\u00a0\u00a0\u00a0\u00a0\u00a0\u00a0\u00a0 \u00a0Este estudio ha comprendido un \u00e1rea de m\u00e1s de\u00a0cinco mil kil\u00f3metros, entre el curso del r\u00edo Duero, que discurre hacia el\u00a0oeste, y el del r\u00edo Jal\u00f3n, que lleva direcci\u00f3n este, que se extiende entre las\u00a0actuales provincias de Soria, Zaragoza y Guadalajara. La cartograf\u00eda ha sido\u00a0proporcionada por el Instituto Geogr\u00e1fico Nacional.<\/div>\n<div class=\"MsoNormal\" style=\"line-height: 115%; tab-stops: 35.4pt 70.8pt 106.2pt 141.6pt right 425.2pt; text-align: justify;\"><\/div>\n<div class=\"MsoNormal\" style=\"line-height: 115%; tab-stops: 35.4pt 70.8pt 106.2pt 141.6pt right 425.2pt; text-align: justify;\"><\/div>\n<div class=\"MsoNormal\" style=\"line-height: 115%; tab-stops: 35.4pt 70.8pt 106.2pt 141.6pt right 425.2pt; text-align: justify;\">\u00a0\u00a0\u00a0\u00a0\u00a0\u00a0\u00a0\u00a0\u00a0\u00a0\u00a0 El libro se compone de cuatro\u00a0cap\u00edtulos, cinco anexos y la correspondiente bibliograf\u00eda. En el primer\u00a0cap\u00edtulo se analiza el concepto de frontera, adelantando un esquema de la\u00a0disposici\u00f3n de las fortificaciones que compon\u00edan el sistema castral. En tiempos\u00a0del emirato y califato de C\u00f3rdoba, la frontera estaba organizada en tres\u00a0sectores: La Marca Superior, que se extend\u00eda desde el Mediterr\u00e1neo hasta el\u00a0Moncayo, con capital en Zaragoza, la Marca Media, que comprend\u00eda los territorios\u00a0comprendidos al sur del Sistema Central, con capital en Toledo, aunque \u00a0posteriormente se traslad\u00f3 a Medinaceli, y la Marca Inferior, que abarcaba\u00a0desde la Extremadura hasta el Atl\u00e1ntico, con capital en M\u00e9rida.<\/div>\n<div class=\"MsoNormal\" style=\"line-height: 115%; tab-stops: 35.4pt 70.8pt 106.2pt 141.6pt right 425.2pt; text-align: justify;\"><\/div>\n<div class=\"MsoNormal\" style=\"line-height: 115%; tab-stops: 35.4pt 70.8pt 106.2pt 141.6pt right 425.2pt; text-align: justify;\"><\/div>\n<div class=\"MsoNormal\" style=\"line-height: 115%; tab-stops: 35.4pt 70.8pt 106.2pt 141.6pt right 425.2pt; text-align: justify;\">\u00a0\u00a0\u00a0\u00a0\u00a0\u00a0\u00a0\u00a0\u00a0\u00a0\u00a0 Para impedir el avance del enemigo\u00a0del norte y proteger a los pobladores de la frontera, se ide\u00f3 un sistema de\u00a0fortalezas, torres y atalayas de car\u00e1cter militar. La poblaci\u00f3n de estos\u00a0distritos fronterizos era de car\u00e1cter rural, aunque estaba muy jerarquizado.\u00a0Las fuentes documentales musulmanas citaban una veintena de top\u00f3nimos, aunque\u00a0no todos ellos est\u00e1n identificados. De la fuentes cristianas resultan\u00a0interesantes las que se refieren al momento de la reconquista cristiana. La\u00a0toponimia ha resultado tambi\u00e9n de gran ayuda para complementar estas\u00a0relaciones. En la provincia de Soria se han podido identificar 50 top\u00f3nimos de\u00a0origen ar\u00e1bigo, localizados en los sectores de Medinaceli y Almaz\u00e1n, mientras\u00a0que para las provincias de Zaragoza y Guadalajara, s\u00f3lo se han podido reconocer\u00a0unos 15 top\u00f3nimos para cada una de ellas.<\/div>\n<div class=\"MsoNormal\" style=\"line-height: 115%; tab-stops: 35.4pt 70.8pt 106.2pt 141.6pt right 425.2pt; text-align: justify;\"><\/div>\n<div class=\"MsoNormal\" style=\"line-height: 115%; tab-stops: 35.4pt 70.8pt 106.2pt 141.6pt right 425.2pt; text-align: justify;\"><\/div>\n<div class=\"MsoNormal\" style=\"line-height: 115%; tab-stops: 35.4pt 70.8pt 106.2pt 141.6pt right 425.2pt; text-align: justify;\">\u00a0\u00a0\u00a0\u00a0\u00a0\u00a0\u00a0\u00a0\u00a0\u00a0\u00a0 La arqueolog\u00eda ha completado el\u00a0trabajo de campo, localizando unos 35 enclaves fortificados, con otros 25\u00a0puntos en que se han encontrado solamente restos de cer\u00e1mica medieval. Otros 20\u00a0enclaves, en los que no se han encontrado restos de ning\u00fan tipo, pod\u00edan servir\u00a0de puntos de intervisibilidad. Por su parte, la bibliograf\u00eda de castillos ha\u00a0dado una lista de unas 50 fortificaciones, repartidas en las tres provincias.\u00a0El total de fortificaciones, asentamientos y yacimientos musulmanes asciende a\u00a0unos 250, que no parecen excesivos, pues se corresponden con 4,2 enclaves por\u00a0cada 100 kil\u00f3metros.\u00a0Los asentamientos, en su mayor\u00a0parte, se disponen en los cursos de los r\u00edos, aprovechando alg\u00fan saliente\u00a0rocoso o cerro, donde se levanta la fortificaci\u00f3n. Algunos de ellos son\u00a0fundaciones isl\u00e1micas, en cambio otros ocupan antiguos yacimientos celtib\u00e9ricos\u00a0o incluso de la Edad del Bronce.<\/div>\n<div class=\"MsoNormal\" style=\"line-height: 115%; tab-stops: 35.4pt 70.8pt 106.2pt 141.6pt right 425.2pt; text-align: justify;\"><\/div>\n<div class=\"MsoNormal\" style=\"line-height: 115%; tab-stops: 35.4pt 70.8pt 106.2pt 141.6pt right 425.2pt; text-align: justify;\"><\/div>\n<div class=\"MsoNormal\" style=\"line-height: 115%; tab-stops: 35.4pt 70.8pt 106.2pt 141.6pt right 425.2pt; text-align: justify;\">\u00a0\u00a0\u00a0\u00a0\u00a0\u00a0\u00a0\u00a0\u00a0\u00a0\u00a0 El segundo cap\u00edtulo de este libro marca\u00a0los l\u00edmites temporales del estudio y explica en su contexto hist\u00f3rico, la\u00a0organizaci\u00f3n territorial de la regi\u00f3n situada entre las marcas Media y Superior\u00a0de la frontera entre el-Andalus y los territorios cristianos.<\/div>\n<div class=\"MsoNormal\" style=\"line-height: 115%; tab-stops: 35.4pt 70.8pt 106.2pt 141.6pt right 425.2pt; text-align: justify;\"><\/div>\n<div class=\"MsoNormal\" style=\"line-height: 115%; tab-stops: 35.4pt 70.8pt 106.2pt 141.6pt right 425.2pt; text-align: justify;\"><\/div>\n<div class=\"MsoNormal\" style=\"line-height: 115%; tab-stops: 35.4pt 70.8pt 106.2pt 141.6pt right 425.2pt; text-align: justify;\">\u00a0\u00a0\u00a0\u00a0\u00a0\u00a0\u00a0\u00a0\u00a0\u00a0\u00a0 El distrito de Calatayud limitaba\u00a0con los de Zaragoza, Tudela, Medinaceli y con <i>Barusa<\/i>. Comprend\u00eda el valle del Jal\u00f3n Medio, entre Alhama de Arag\u00f3n\u00a0y Morata de Jal\u00f3n, adem\u00e1s de los valles de sus afluentes Henar, Manubles,\u00a0Ribota, Piedra, Mesa, Jiloca y Perejiles. Las fortalezas m\u00e1s importantes de\u00a0este distrito eran Daroca, Somed, Pe\u00f1alc\u00e1zar, Deza, Ateca, Aranda de Moncayo y\u00a0Maluenda. En el distrito de Tudela, sector \u00c1greda, destacaban las fortalezas de\u00a0Tudela, Alfaro, Calahorra, Tarazona, \u00c1greda, Borja, N\u00e1jera, Viguera y Arnedo.<\/div>\n<div class=\"MsoNormal\" style=\"line-height: 115%; tab-stops: 35.4pt 70.8pt 106.2pt 141.6pt right 425.2pt; text-align: justify;\"><\/div>\n<div class=\"MsoNormal\" style=\"line-height: 115%; tab-stops: 35.4pt 70.8pt 106.2pt 141.6pt right 425.2pt; text-align: justify;\"><\/div>\n<div class=\"MsoNormal\" style=\"line-height: 115%; tab-stops: 35.4pt 70.8pt 106.2pt 141.6pt right 425.2pt; text-align: justify;\">\u00a0\u00a0\u00a0\u00a0\u00a0\u00a0\u00a0\u00a0\u00a0\u00a0\u00a0 Los Banu Mada, importante familia\u00a0ber\u00e9ber, controlaba un territorio comprendido entre Pe\u00f1alc\u00e1zar, Deza y Ateca<\/div>\n<div class=\"MsoNormal\" style=\"line-height: 115%; tab-stops: 35.4pt 70.8pt 106.2pt 141.6pt right 425.2pt; text-align: justify;\"><\/div>\n<div class=\"MsoNormal\" style=\"line-height: 115%; tab-stops: 35.4pt 70.8pt 106.2pt 141.6pt right 425.2pt; text-align: justify;\">El tercer cap\u00edtulo est\u00e1 dedicado a\u00a0describir las caracter\u00edsticas generales del sistema defensivo dise\u00f1ado por los\u00a0musulmanes, detallando las fortificaciones y sus comunicaciones, tanto \u00f3pticas\u00a0como terrestres. A todo esto se a\u00f1ade una descripci\u00f3n geol\u00f3gica, hidrol\u00f3gica,\u00a0ortogr\u00e1fica, clim\u00e1tica y geogr\u00e1fica.<\/div>\n<div class=\"MsoNormal\" style=\"line-height: 115%; tab-stops: 35.4pt 70.8pt 106.2pt 141.6pt right 425.2pt; text-align: justify;\"><\/div>\n<div class=\"MsoNormal\" style=\"line-height: 115%; tab-stops: 35.4pt 70.8pt 106.2pt 141.6pt right 425.2pt; text-align: justify;\"><\/div>\n<div class=\"MsoNormal\" style=\"line-height: 115%; tab-stops: 35.4pt 70.8pt 106.2pt 141.6pt right 425.2pt; text-align: justify;\">\u00a0\u00a0\u00a0\u00a0\u00a0\u00a0\u00a0\u00a0\u00a0\u00a0\u00a0 Los dos centros de poder que\u00a0controlaban esta regi\u00f3n fronteriza, eran las medinas de Medinaceli y Calatayud.\u00a0La retaguardia del sistema defensivo se alineaba con el r\u00edo Jal\u00f3n, con Ariza en\u00a0medio de las dos medinas. La l\u00ednea de vanguardia ven\u00eda definida por el r\u00edo\u00a0Duero, desde Gormaz hasta Almaz\u00e1n, prolong\u00e1ndose hasta Atienza. Esta marca\u00a0fronteriza, entre los r\u00edos Duero y Jal\u00f3n, abarcaba una franja de terreno entre los\u00a040 y 60 kil\u00f3metros de profundidad. En el extremo septentrional de la regi\u00f3n\u00a0estudiada, se encontraba la fortaleza de \u00c1greda. Estos ocho enclaves, Gormaz,\u00a0Almaz\u00e1n, Pe\u00f1alc\u00e1zar, \u00c1greda, Atienza, Medinaceli, Ariza y Calatayud, distribuidos\u00a0regularmente a lo largo y ancho de la regi\u00f3n estudiada, remarcan claramente dos\u00a0l\u00edneas de defensa. Cada uno de ellos se completaba con torres y atalayas, que\u00a0aseguraban una r\u00e1pida y segura comunicaci\u00f3n entre las diversas fortificaciones.<\/div>\n<p>&nbsp;<\/p>\n<div class=\"MsoNormal\" style=\"line-height: 115%; tab-stops: 35.4pt 70.8pt 106.2pt 141.6pt right 425.2pt; text-align: justify;\">\u00a0\u00a0\u00a0\u00a0\u00a0\u00a0\u00a0\u00a0\u00a0\u00a0\u00a0 En el cuarto cap\u00edtulo se incluye una\u00a0descripci\u00f3n breve de cada fortificaci\u00f3n o enclave, a modo de cat\u00e1logo o\u00a0inventario, que conformaba el grupo defensivo, especificando el tipo, su\u00a0localizaci\u00f3n, los restos arquitect\u00f3nicos y arqueol\u00f3gicos conservados y sus\u00a0contactos visuales, as\u00ed como algunos comentarios referidos a su construcci\u00f3n,\u00a0funcionalidad y contexto hist\u00f3rico, con una fotograf\u00eda ilustrativa de cada una\u00a0de ellas.<\/div>\n","protected":false},"excerpt":{"rendered":"<p>&nbsp; Francisco\u00a0Tobajas Gallego \u00a0\u00a0\u00a0\u00a0\u00a0\u00a0\u00a0\u00a0\u00a0\u00a0\u00a0 El pasado 9 de febrero se present\u00f3\u00a0en el Sal\u00f3n Multiusos del Ayuntamiento de Calatayud el libro El sistema defensivo musulm\u00e1n entre las\u00a0Marcas Media y Superior de al-Andalus (siglos X-XII), de Vicente Alejandre\u00a0Alcalde, que ha sido editado &hellip; <a href=\"https:\/\/cebilbilitanos.com\/?p=150\">Sigue leyendo <span class=\"meta-nav\">&rarr;<\/span><\/a><\/p>\n","protected":false},"author":1,"featured_media":0,"comment_status":"open","ping_status":"open","sticky":false,"template":"","format":"standard","meta":[],"categories":[23],"tags":[6,20,19,17,10,11],"_links":{"self":[{"href":"https:\/\/cebilbilitanos.com\/index.php?rest_route=\/wp\/v2\/posts\/150"}],"collection":[{"href":"https:\/\/cebilbilitanos.com\/index.php?rest_route=\/wp\/v2\/posts"}],"about":[{"href":"https:\/\/cebilbilitanos.com\/index.php?rest_route=\/wp\/v2\/types\/post"}],"author":[{"embeddable":true,"href":"https:\/\/cebilbilitanos.com\/index.php?rest_route=\/wp\/v2\/users\/1"}],"replies":[{"embeddable":true,"href":"https:\/\/cebilbilitanos.com\/index.php?rest_route=%2Fwp%2Fv2%2Fcomments&post=150"}],"version-history":[{"count":1,"href":"https:\/\/cebilbilitanos.com\/index.php?rest_route=\/wp\/v2\/posts\/150\/revisions"}],"predecessor-version":[{"id":151,"href":"https:\/\/cebilbilitanos.com\/index.php?rest_route=\/wp\/v2\/posts\/150\/revisions\/151"}],"wp:attachment":[{"href":"https:\/\/cebilbilitanos.com\/index.php?rest_route=%2Fwp%2Fv2%2Fmedia&parent=150"}],"wp:term":[{"taxonomy":"category","embeddable":true,"href":"https:\/\/cebilbilitanos.com\/index.php?rest_route=%2Fwp%2Fv2%2Fcategories&post=150"},{"taxonomy":"post_tag","embeddable":true,"href":"https:\/\/cebilbilitanos.com\/index.php?rest_route=%2Fwp%2Fv2%2Ftags&post=150"}],"curies":[{"name":"wp","href":"https:\/\/api.w.org\/{rel}","templated":true}]}}