{"id":140,"date":"2015-01-08T09:32:12","date_gmt":"2015-01-08T09:32:12","guid":{"rendered":"http:\/\/cebilbilitanos.com\/?p=140"},"modified":"2015-09-10T16:08:12","modified_gmt":"2015-09-10T16:08:12","slug":"presentacion-de-inspirarte","status":"publish","type":"post","link":"https:\/\/cebilbilitanos.com\/?p=140","title":{"rendered":"Presentaci\u00f3n de Inspirarte"},"content":{"rendered":"<div class=\"MsoNormal\" style=\"text-align: justify;\">Francisco Tobajas Gallego<\/div>\n<div class=\"MsoNormal\" style=\"text-align: justify;\"><\/div>\n<div class=\"MsoNormal\" style=\"text-align: justify;\">\u00a0\u00a0\u00a0\u00a0\u00a0\u00a0\u00a0\u00a0\u00a0\u00a0\u00a0 En\u00a0un Sal\u00f3n Multiusos del Ayuntamiento de Calatayud a rebosar, se present\u00f3 el\u00a0pasado 19 de diciembre el \u00faltimo libro editado por el Centro de Estudios\u00a0Bilbilitanos en este a\u00f1o 2014. Se trata de un libro de poemas, debidos a\u00a0Mariano Ramos Ruiz, con ilustraciones de Jos\u00e9 Javier Ib\u00e1\u00f1ez Pablo, Jos\u00e9 Luis\u00a0Llorente Nu\u00f1o, Jos\u00e9 Antonio Morte Narvi\u00f3n, Manuel Ruiz Mart\u00edn y Yolanda Tello\u00a0Guajardo, todos ellos miembros de Amibil. El autor, Mariano Ramos, estuvo\u00a0acompa\u00f1ado por el alcalde de Calatayud, Jos\u00e9 Manuel Aranda, el presidente y el\u00a0vicepresidente del Centro de Estudios Bilbilitanos, Manuel Micheto y Jos\u00e9 Ram\u00f3n\u00a0Olalla, respectivamente, y la directora de Amibil, Lucrecia Jurado L\u00f3pez. Tanto\u00a0el alcalde de Calatayud como la directora de Amibil, agradecieron la labor\u00a0cultural que lleva a cabo el Centro de Estudios Bilbilitanos.<\/div>\n<div class=\"MsoNormal\" style=\"text-align: justify;\"><\/div>\n<div class=\"MsoNormal\" style=\"text-align: justify;\"><\/div>\n<div class=\"MsoNormal\" style=\"text-align: justify; text-indent: 35.4pt;\">Yolanda Gimeno\u00a0ley\u00f3 el cuento de Luc\u00eda, una chica discapacitada que vive en Zaragoza, original\u00a0de Mariano Ramos, que qued\u00f3 finalista en un certamen de relatos Ana Orantes. En\u00a0\u00e9l Mariano escribe de una chica que trabaja y que se llama Luc\u00eda, que aspira a que\u00a0la sociedad sea m\u00e1s generosa, m\u00e1s humana y todav\u00eda m\u00e1s justa de lo que es con\u00a0las personas discapacitadas. Luc\u00eda tambi\u00e9n desea ser apoyada por los gobiernos\u00a0y sentirse querida. Luc\u00eda pide, ante todo, ser una persona con una vida digna y\u00a0aut\u00f3noma, tener voz en la sociedad en la que vive y aportar su trabajo y sus\u00a0ideas. Adem\u00e1s, Luc\u00eda reivindica el mismo trato que merecen todas las personas.<\/div>\n<div class=\"MsoNormal\" style=\"text-align: justify; text-indent: 35.4pt;\"><\/div>\n<div class=\"MsoNormal\" style=\"text-align: justify; text-indent: 35.4pt;\">\n<div class=\"separator\" style=\"clear: both; text-align: center;\"><\/div>\n<div class=\"separator\" style=\"clear: both; text-align: center;\"><a style=\"margin-left: 1em; margin-right: 1em;\" href=\"http:\/\/4.bp.blogspot.com\/-PHQdC-y3cQI\/VK6Wns0a8WI\/AAAAAAAAR14\/LdbsYoHWOu8\/s1600\/DSC01672.jpg\"><img decoding=\"async\" loading=\"lazy\" src=\"http:\/\/4.bp.blogspot.com\/-PHQdC-y3cQI\/VK6Wns0a8WI\/AAAAAAAAR14\/LdbsYoHWOu8\/s1600\/DSC01672.jpg\" alt=\"\" width=\"400\" height=\"300\" border=\"0\" \/><\/a><\/div>\n<\/div>\n<div class=\"separator\" style=\"clear: both; text-align: center;\"><\/div>\n<div class=\"separator\" style=\"clear: both; text-align: center;\"><\/div>\n<div class=\"MsoNormal\" style=\"text-align: justify; text-indent: 35.4pt;\">\n<p>&nbsp;<\/p>\n<\/div>\n<div class=\"MsoNormal\" style=\"text-align: justify; text-indent: 35.4pt;\">\n<div class=\"MsoNormal\" style=\"text-align: justify; text-indent: 35.4pt;\">Jos\u00e9 Ram\u00f3n\u00a0Olalla se\u00f1al\u00f3 que el Centro de Estudios Bilbilitanos ten\u00eda como norma la\u00a0publicaci\u00f3n de investigaciones o de creaciones art\u00edsticas relacionadas con el\u00a0ayer, el hoy y el ma\u00f1ana de Calatayud y de su entorno. El libro que se\u00a0presentaba no constitu\u00eda una excepci\u00f3n en su l\u00ednea editorial, sino que se\u00a0aten\u00eda estrictamente a la norma establecida por la instituci\u00f3n. \u00abLa trayectoria\u00a0de Amibil y de las personas que construyen con su esfuerzo esa asociaci\u00f3n, son\u00a0parte importante del pasado reciente de esta ciudad; su d\u00eda a d\u00eda nos incumbe a\u00a0todos, y su futuro compromete a los bilbilitanos en la b\u00fasqueda de una sociedad\u00a0igualitaria en la que convivimos Luc\u00eda, Mariano y todas las Luc\u00edas y todos los\u00a0Marianos a los que representan, que no son las personas con discapacidad, sino\u00a0las que creemos en su raz\u00f3n y en su fuerza\u00bb. Tanto Mariano como Luc\u00eda, como el\u00a0resto de los ilustradores que han recreado el mundo de Goya en sus <i>Caprichos<\/i>, anhelan \u00abuna sociedad m\u00e1s\u00a0generosa, m\u00e1s humana y, sobretodo, m\u00e1s justa, y es la Justicia, que no la\u00a0generosidad, la que hace posible este libro\u00bb, junto al esfuerzo, los derechos,\u00a0el amor, el cari\u00f1o y la reivindicaci\u00f3n.<\/div>\n<div class=\"MsoNormal\" style=\"text-align: justify; text-indent: 35.4pt;\"><\/div>\n<div class=\"MsoNormal\" style=\"text-align: justify; text-indent: 35.4pt;\"><\/div>\n<div class=\"MsoNormal\" style=\"text-align: justify; text-indent: 35.4pt;\">Escribiendo\u00a0este pr\u00f3logo, Jos\u00e9 Ram\u00f3n Olalla se sent\u00eda muy Mariano y muy Luc\u00eda, a\u00fan sin\u00a0conocerla, pues compart\u00eda con ellos \u00abreivindicaciones e ilusiones\u00bb y aun la\u00a0idea de que \u00abtodos somos discapacitados en alg\u00fan momento de la vida o, lo que\u00a0es lo mismo, todos estamos capacitados para vivirla\u00bb.<\/div>\n<div class=\"MsoNormal\" style=\"text-align: justify; text-indent: 35.4pt;\"><\/div>\n<div class=\"MsoNormal\" style=\"text-align: justify; text-indent: 35.4pt;\"><\/div>\n<div class=\"MsoNormal\" style=\"text-align: justify; text-indent: 35.4pt;\">Por su parte\u00a0el autor confes\u00f3 que escrib\u00eda poes\u00eda desde muy joven, cuando en las clases le\u00a0costaba seguir el ritmo del resto de los alumnos. Entonces se refugiaba en la\u00a0poes\u00eda, en las palabras. Como no iba a ser de otra manera, el poeta canta en\u00a0este libro a la vida, con serenidad y franqueza, a la amistad, que siempre da\u00a0sin recibir nada a cambio, a la libertad, \u00abquiero ser libre como el viento\u00bb, a\u00a0la belleza y al amor \u00abquiero sentir y sembrar el amor m\u00e1s absoluto, \/ y no\u00a0puedo\u00bb. El poeta escribe en uno de los versos de este libro que \u00abEl cari\u00f1o es\u00a0afecto y el afecto es amor\u00bb, amor que guarda mil caras y mil aristas, que el\u00a0poeta se\u00f1ala y diferencia a cada una de ellas con un adjetivo que complementa a\u00a0ese amor total. Libre, impetuoso, armonioso, brillante, indomable, l\u00fagubre,\u00a0ins\u00f3lito, claro, expresivo, agradable, ins\u00f3lito y paciente \u00abcomo la verdad\u00bb.<\/div>\n<\/div>\n<div class=\"MsoNormal\" style=\"text-align: justify; text-indent: 35.4pt;\"><\/div>\n<div class=\"MsoNormal\" style=\"text-align: justify; text-indent: 35.4pt;\">\n<div class=\"MsoNormal\" style=\"text-align: justify; text-indent: 35.4pt;\"><\/div>\n<div class=\"MsoNormal\" style=\"text-align: justify; text-indent: 35.4pt;\">En otro poema,\u00a0el poeta proclama la victoria del amor, tras una lucha feroz, con u\u00f1as y\u00a0dientes: \u00abEs hermoso como la paloma\/ que vuela,\/ tan grande como la luz\/ y tan\u00a0verdadero\/ como la vida.\/ Lucha por \u00e9l,\/ vive por \u00e9l\/ no dejes que te lo\u00a0arranquen.\/ Que siempre venza el amor\u00bb. El amor renace como los campos en\u00a0primavera. El amor es amargo, claro, refrescante, fruct\u00edfero, bello, glorioso y\u00a0puede quemar \u00abcomo el fuego\u00bb. Pero tambi\u00e9n puede ser una bola en llamas, una \u00a0bola de nieve que corre por la ladera, cada vez m\u00e1s grande, m\u00e1s blanca y m\u00e1s\u00a0desafiante. \u00abAmor, amor\/ que surca los cielos sembrando m\u00e1s amor,\/ m\u00e1s\u00a0justicia,\/ m\u00e1s humanidad\u00bb. Todos somos capaces de dar amor, de ofrecer nuestro\u00a0tiempo y compartir nuestra pasi\u00f3n. El poeta canta con voz de caminante para que\u00a0\u00abel camino de la vida sea largo como un \u00e1rbol florecido\u00bb, para andar por \u00e9l con\u00a0amigos, con ilusi\u00f3n y sin demasiadas tristezas, y para que \u00abel amor florezca\u00a0como las amapolas en primavera\/ e iluminemos los corazones con paz y amor\u00bb.<\/div>\n<div class=\"MsoNormal\" style=\"text-align: justify; text-indent: 35.4pt;\"><\/div>\n<div class=\"MsoNormal\" style=\"text-align: justify; text-indent: 35.4pt;\"><\/div>\n<div class=\"MsoNormal\" style=\"text-align: justify; text-indent: 35.4pt;\">Para el poeta\u00a0la vida unas veces es hermosa y otras triste, pero frente al plegamiento y a la\u00a0resignaci\u00f3n, el poeta nos pide que la llenemos \u00abde alegr\u00eda\/ con claridad, con\u00a0amor, con esperanza\u00bb. Siempre confianza y solidaridad. \u00abNo dejes que arranquen\u00a0de ella\/ tus pensamientos m\u00e1s puros:\/ demos consuelo al afligido,\/ ternura al\u00a0que llora,\/ amor al cansado\u00bb.<\/div>\n<div class=\"MsoNormal\" style=\"text-align: justify; text-indent: 35.4pt;\"><\/div>\n<div class=\"MsoNormal\" style=\"text-align: justify; text-indent: 35.4pt;\"><\/div>\n<div class=\"MsoNormal\" style=\"text-align: justify; text-indent: 35.4pt;\">El poeta\u00a0tambi\u00e9n se siente un barquero cansado de remar a trav\u00e9s de las aguas profundas\u00a0y verdosas de un lago donde se reflejan los cielos de los d\u00edas tristes y grises.\u00a0Pero el poeta se aferra a la vida, como ocurre con los \u00e1rboles en oto\u00f1o, \u00abque\u00a0se aferran las ra\u00edces a la tierra\/ para que el oto\u00f1o no me arranque\/ ni me deje\u00a0desnudo:\/ con nada vengo y sin nada me ir\u00e9\u00bb, sintiendo entonces \u00abuna sensaci\u00f3n\u00a0de verso y poes\u00eda\u00bb.<\/div>\n<div class=\"MsoNormal\" style=\"text-align: justify; text-indent: 35.4pt;\"><\/div>\n<div class=\"MsoNormal\" style=\"text-align: justify; text-indent: 35.4pt;\"><\/div>\n<div class=\"MsoNormal\" style=\"text-align: justify; text-indent: 35.4pt;\">El poeta\u00a0tambi\u00e9n canta a su gente, a Amibil, donde ha encontrado amor, amistad, dulzura,\u00a0solidaridad, respeto, amabilidad \u00aby preocupaci\u00f3n por el pr\u00f3jimo\u00bb, sin\u00a0imposiciones y sin barreras de ning\u00fan tipo. \u00abUn fuerte sentimiento de creer en\u00a0las personas,\/ sobre todo en las m\u00e1s vulnerables\u00bb. Una palpable \u00abDemostraci\u00f3n\u00a0de la resistencia de la fragilidad:\/ sacar la fuerza,\/ de la alegr\u00eda\/ y un\u00a0fuerte abrazo de uni\u00f3n,\/ un luchar sin rendici\u00f3n:\/ constancia,\/ y el m\u00e1s puro\u00a0sentimiento de superaci\u00f3n\/ y de coraz\u00f3n\u00bb.<\/div>\n<div class=\"MsoNormal\" style=\"text-align: justify; text-indent: 35.4pt;\"><\/div>\n<div class=\"MsoNormal\" style=\"text-align: justify; text-indent: 35.4pt;\"><\/div>\n<div class=\"MsoNormal\" style=\"text-align: justify; text-indent: 35.4pt;\">La Asociaci\u00f3n\u00a0de Minusv\u00e1lidos B\u00edlbilis se constituy\u00f3 all\u00e1 por 1994, con el objetivo de\u00a0mejorar la calidad de vida de sus asociados. Desde entonces es toda una\u00a0realidad, en la que encontramos la pasi\u00f3n necesaria, la dedicaci\u00f3n precisa y la\u00a0generosidad m\u00e1s humana y desinteresada de unos padres que luchan y trabajan,\u00a0convencidos de que est\u00e1n construyendo un mejor presente y un futuro todav\u00eda\u00a0mejor para todas las personas discapacitadas.<\/div>\n<div class=\"MsoNormal\" style=\"text-align: justify; text-indent: 35.4pt;\"><\/div>\n<p>&nbsp;<\/p>\n<div class=\"MsoNormal\" style=\"text-align: justify; text-indent: 35.4pt;\">Tras la\u00a0lectura de algunos de los poemas del libro por el mismo autor, los ilustradores\u00a0que han colaborado en este libro subieron al estrado, donde recibieron los\u00a0aplausos y las felicitaciones de todos los asistentes. Una tarde de invierno\u00a0convertida por la magia de las palabras y de los sentimientos en tarde de\u00a0primavera. Como bien dice el poeta, que siempre venza el amor.<\/div>\n<\/div>\n","protected":false},"excerpt":{"rendered":"<p>Francisco Tobajas Gallego \u00a0\u00a0\u00a0\u00a0\u00a0\u00a0\u00a0\u00a0\u00a0\u00a0\u00a0 En\u00a0un Sal\u00f3n Multiusos del Ayuntamiento de Calatayud a rebosar, se present\u00f3 el\u00a0pasado 19 de diciembre el \u00faltimo libro editado por el Centro de Estudios\u00a0Bilbilitanos en este a\u00f1o 2014. Se trata de un libro de poemas, debidos &hellip; <a href=\"https:\/\/cebilbilitanos.com\/?p=140\">Sigue leyendo <span class=\"meta-nav\">&rarr;<\/span><\/a><\/p>\n","protected":false},"author":1,"featured_media":0,"comment_status":"open","ping_status":"open","sticky":false,"template":"","format":"standard","meta":[],"categories":[23],"tags":[6,14,18,10,11],"_links":{"self":[{"href":"https:\/\/cebilbilitanos.com\/index.php?rest_route=\/wp\/v2\/posts\/140"}],"collection":[{"href":"https:\/\/cebilbilitanos.com\/index.php?rest_route=\/wp\/v2\/posts"}],"about":[{"href":"https:\/\/cebilbilitanos.com\/index.php?rest_route=\/wp\/v2\/types\/post"}],"author":[{"embeddable":true,"href":"https:\/\/cebilbilitanos.com\/index.php?rest_route=\/wp\/v2\/users\/1"}],"replies":[{"embeddable":true,"href":"https:\/\/cebilbilitanos.com\/index.php?rest_route=%2Fwp%2Fv2%2Fcomments&post=140"}],"version-history":[{"count":5,"href":"https:\/\/cebilbilitanos.com\/index.php?rest_route=\/wp\/v2\/posts\/140\/revisions"}],"predecessor-version":[{"id":147,"href":"https:\/\/cebilbilitanos.com\/index.php?rest_route=\/wp\/v2\/posts\/140\/revisions\/147"}],"wp:attachment":[{"href":"https:\/\/cebilbilitanos.com\/index.php?rest_route=%2Fwp%2Fv2%2Fmedia&parent=140"}],"wp:term":[{"taxonomy":"category","embeddable":true,"href":"https:\/\/cebilbilitanos.com\/index.php?rest_route=%2Fwp%2Fv2%2Fcategories&post=140"},{"taxonomy":"post_tag","embeddable":true,"href":"https:\/\/cebilbilitanos.com\/index.php?rest_route=%2Fwp%2Fv2%2Ftags&post=140"}],"curies":[{"name":"wp","href":"https:\/\/api.w.org\/{rel}","templated":true}]}}