{"id":138,"date":"2014-12-15T09:30:43","date_gmt":"2014-12-15T09:30:43","guid":{"rendered":"http:\/\/cebilbilitanos.com\/?p=138"},"modified":"2015-09-10T09:32:07","modified_gmt":"2015-09-10T09:32:07","slug":"inspirarte","status":"publish","type":"post","link":"https:\/\/cebilbilitanos.com\/?p=138","title":{"rendered":"INSPIRARTE"},"content":{"rendered":"<div style=\"background-color: white; color: #222222; font-family: arial, sans-serif; font-size: 13px; margin: 0cm 0cm 0pt;\" align=\"center\"><span style=\"font-size: large;\">El\u00a0<b>Centro de Estudios Bilbilitanos<\/b>,<br \/>\nde\u00a0<u><\/u><u><\/u>la Instituci\u00f3n<u><\/u>\u00a0\u201cFernando el Cat\u00f3lico\u201d<\/span><\/div>\n<div style=\"background-color: white; color: #222222; font-family: arial, sans-serif; font-size: 13px; margin: 0cm 0cm 0pt;\" align=\"center\"><\/div>\n<div style=\"background-color: white; color: #222222; font-family: arial, sans-serif; font-size: 13px; margin: 0cm 0cm 0pt;\" align=\"center\"><span style=\"font-size: large;\">y<\/span><\/div>\n<div style=\"background-color: white; color: #222222; font-family: arial, sans-serif; font-size: 13px; margin: 0cm 0cm 0pt;\" align=\"center\"><\/div>\n<div style=\"background-color: white; color: #222222; font-family: arial, sans-serif; font-size: 13px; margin: 0cm 0cm 0pt;\" align=\"center\"><span style=\"font-size: large;\"><strong>AMIBIL<\/strong><\/span><\/div>\n<div style=\"background-color: white; color: #222222; font-family: arial, sans-serif; font-size: 13px; margin: 0cm 0cm 0pt;\" align=\"center\"><\/div>\n<div style=\"background-color: white; color: #222222; font-family: arial, sans-serif; font-size: 13px; margin: 0cm 0cm 0pt;\" align=\"center\"><span style=\"font-size: large;\">se complacen en invitarle a la presentaci\u00f3n del libro:<u><\/u><u><\/u><\/span><\/div>\n<div style=\"background-color: white; color: #222222; font-family: arial, sans-serif; font-size: 13px; margin: 0cm 0cm 0pt;\"><\/div>\n<div class=\"MsoNormal\" style=\"background-color: white; color: #222222; font-family: arial, sans-serif; font-size: 13px; margin: 0cm 0cm 0pt;\"><\/div>\n<div style=\"background-color: white; color: #222222; font-family: arial, sans-serif; font-size: 13px; margin: 0cm 0cm 0pt;\" align=\"center\"><span lang=\"ES-TRAD\" style=\"font-family: 'Tempus Sans ITC'; font-size: 32pt;\"><strong><span style=\"color: navy;\">INSPIRARTE<u><\/u><u><\/u><\/span><\/strong><\/span><\/div>\n<div style=\"background-color: white; color: #222222; font-family: arial, sans-serif; font-size: 13px; margin: 0cm 0cm 0pt;\"><\/div>\n<div class=\"MsoNormal\" style=\"background-color: white; color: #222222; font-family: arial, sans-serif; font-size: 13px; margin: 0cm 0cm 0pt; text-align: center;\" align=\"center\"><span lang=\"ES-TRAD\">con poemas de:<u><\/u><u><\/u><\/span><\/div>\n<div class=\"MsoNormal\" style=\"background-color: white; color: #222222; font-family: arial, sans-serif; font-size: 13px; margin: 0cm 0cm 0pt; text-align: center;\" align=\"center\"><\/div>\n<div class=\"MsoNormal\" style=\"background-color: white; color: #222222; font-family: arial, sans-serif; font-size: 13px; margin: 0cm 0cm 0pt; text-align: center;\" align=\"center\"><b><span lang=\"ES-TRAD\" style=\"font-size: 24pt;\"><span style=\"color: navy;\">Mariano Ramos Ru\u00edz<\/span><\/span><\/b><\/div>\n<div class=\"MsoNormal\" style=\"background-color: white; color: #222222; font-family: arial, sans-serif; font-size: 13px; margin: 0cm 0cm 0pt; text-align: center;\" align=\"center\"><\/div>\n<div class=\"MsoNormal\" style=\"background-color: white; color: #222222; font-family: arial, sans-serif; font-size: 13px; margin: 0cm 0cm 0pt; text-align: center;\" align=\"center\"><span lang=\"ES-TRAD\">e ilustraciones de:<u><\/u><u><\/u><\/span><\/div>\n<div class=\"MsoNormal\" style=\"background-color: white; color: #222222; font-family: arial, sans-serif; font-size: 13px; margin: 0cm 0cm 0pt; text-align: center;\" align=\"center\"><\/div>\n<div class=\"MsoNormal\" style=\"background-color: white; color: #222222; font-family: arial, sans-serif; font-size: 13px; margin: 0cm 0cm 0pt; text-align: center;\" align=\"center\"><b><span lang=\"ES-TRAD\" style=\"font-size: 15pt;\"><span style=\"color: navy;\">Jos\u00e9 Javier Ib\u00e1\u00f1ez Pablo, Jos\u00e9 Lu\u00eds Llorente Nu\u00f1o, Jos\u00e9 Antonio Morte Narvi\u00f3n,\u00a0Manuel Ruiz Mart\u00edn y Yolanda Tello Guajardo<\/span><\/span><\/b><\/div>\n<div class=\"MsoNormal\" style=\"background-color: white; color: #222222; font-family: arial, sans-serif; font-size: 13px; margin: 0cm 0cm 0pt; text-align: center;\" align=\"center\"><\/div>\n<div class=\"MsoNormal\" style=\"background-color: white; color: #222222; font-family: arial, sans-serif; font-size: 13px; margin: 0cm 0cm 0pt; text-align: center;\" align=\"center\"><\/div>\n<p>&nbsp;<\/p>\n<div class=\"MsoNormal\" style=\"margin: 0cm 0cm 0pt; text-align: center;\" align=\"center\"><span lang=\"ES-TRAD\"><span style=\"color: black;\">que tendr\u00e1 lugar el viernes 19 de diciembre de 2014, a las 19:00 horas<br \/>\nen el Sal\u00f3n Multiusos del Excmo. Ayuntamiento de Calatayud<br \/>\n(Plaza de Costa, 14)<\/span><\/span><\/div>\n<div class=\"MsoNormal\" style=\"margin: 0cm 0cm 0pt; text-align: center;\" align=\"center\"><span lang=\"ES-TRAD\"><span style=\"color: black;\">\u00a0<\/span><\/span><\/div>\n<div class=\"MsoNormal\" style=\"margin: 0cm 0cm 0pt; text-align: center;\" align=\"center\"><span lang=\"ES-TRAD\"><span style=\"color: black;\">En la presentaci\u00f3n se pondr\u00e1n a la venta los libros al precio de 6 \u20ac, importe que est\u00e1 destinado a AMIBIL. Las obras podr\u00e1n adquirirse, a partir del d\u00eda 22, en los puntos de venta de AMIBIL.<\/span><\/span><\/div>\n<div class=\"MsoNormal\" style=\"margin: 0cm 0cm 0pt; text-align: center;\" align=\"center\"><span lang=\"ES-TRAD\"><span style=\"color: black;\">\u00a0<\/span><\/span><\/div>\n<div class=\"separator\" style=\"clear: both; text-align: center;\"><a style=\"margin-left: 1em; margin-right: 1em;\" href=\"http:\/\/2.bp.blogspot.com\/-ZZr82HX0SWY\/VI6Z2e7cz1I\/AAAAAAAARfs\/2V8rEEcZ9pw\/s1600\/inspirarte.jpg\"><img decoding=\"async\" src=\"http:\/\/2.bp.blogspot.com\/-ZZr82HX0SWY\/VI6Z2e7cz1I\/AAAAAAAARfs\/2V8rEEcZ9pw\/s1600\/inspirarte.jpg\" alt=\"\" border=\"0\" \/><\/a><\/div>\n<div class=\"MsoNormal\" style=\"margin: 0cm 0cm 0pt; text-align: center;\" align=\"center\"><span lang=\"ES-TRAD\"><span style=\"color: black;\">\u00a0<\/span><\/span><\/div>\n","protected":false},"excerpt":{"rendered":"<p>El\u00a0Centro de Estudios Bilbilitanos, de\u00a0la Instituci\u00f3n\u00a0\u201cFernando el Cat\u00f3lico\u201d y AMIBIL se complacen en invitarle a la presentaci\u00f3n del libro: INSPIRARTE con poemas de: Mariano Ramos Ru\u00edz e ilustraciones de: Jos\u00e9 Javier Ib\u00e1\u00f1ez Pablo, Jos\u00e9 Lu\u00eds Llorente Nu\u00f1o, Jos\u00e9 Antonio Morte &hellip; <a href=\"https:\/\/cebilbilitanos.com\/?p=138\">Sigue leyendo <span class=\"meta-nav\">&rarr;<\/span><\/a><\/p>\n","protected":false},"author":1,"featured_media":0,"comment_status":"open","ping_status":"open","sticky":false,"template":"","format":"standard","meta":[],"categories":[23],"tags":[6,14,18,10,11],"_links":{"self":[{"href":"https:\/\/cebilbilitanos.com\/index.php?rest_route=\/wp\/v2\/posts\/138"}],"collection":[{"href":"https:\/\/cebilbilitanos.com\/index.php?rest_route=\/wp\/v2\/posts"}],"about":[{"href":"https:\/\/cebilbilitanos.com\/index.php?rest_route=\/wp\/v2\/types\/post"}],"author":[{"embeddable":true,"href":"https:\/\/cebilbilitanos.com\/index.php?rest_route=\/wp\/v2\/users\/1"}],"replies":[{"embeddable":true,"href":"https:\/\/cebilbilitanos.com\/index.php?rest_route=%2Fwp%2Fv2%2Fcomments&post=138"}],"version-history":[{"count":1,"href":"https:\/\/cebilbilitanos.com\/index.php?rest_route=\/wp\/v2\/posts\/138\/revisions"}],"predecessor-version":[{"id":139,"href":"https:\/\/cebilbilitanos.com\/index.php?rest_route=\/wp\/v2\/posts\/138\/revisions\/139"}],"wp:attachment":[{"href":"https:\/\/cebilbilitanos.com\/index.php?rest_route=%2Fwp%2Fv2%2Fmedia&parent=138"}],"wp:term":[{"taxonomy":"category","embeddable":true,"href":"https:\/\/cebilbilitanos.com\/index.php?rest_route=%2Fwp%2Fv2%2Fcategories&post=138"},{"taxonomy":"post_tag","embeddable":true,"href":"https:\/\/cebilbilitanos.com\/index.php?rest_route=%2Fwp%2Fv2%2Ftags&post=138"}],"curies":[{"name":"wp","href":"https:\/\/api.w.org\/{rel}","templated":true}]}}