{"id":13,"date":"2011-02-27T09:47:46","date_gmt":"2011-02-27T09:47:46","guid":{"rendered":"http:\/\/cebilbilitanos.com\/?p=13"},"modified":"2015-09-10T17:21:46","modified_gmt":"2015-09-10T17:21:46","slug":"medalla-de-oro-de-la-ifc-a-agustin-sanmigel","status":"publish","type":"post","link":"https:\/\/cebilbilitanos.com\/?p=13","title":{"rendered":"Medalla de oro de la IFC a Agust\u00edn Sanmigel"},"content":{"rendered":"<table class=\"tr-caption-container\" style=\"margin-left: auto; margin-right: auto; text-align: center;\" cellspacing=\"0\" cellpadding=\"0\" align=\"center\">\n<tbody>\n<tr>\n<td style=\"text-align: center;\"><a style=\"margin-left: auto; margin-right: auto;\" href=\"https:\/\/lh3.googleusercontent.com\/-xM6ktxudXk4\/TWom_TFDNlI\/AAAAAAAAAAg\/mCH1iHGIFAU\/s1600\/ana.jpg\"><img decoding=\"async\" loading=\"lazy\" src=\"http:\/\/lh3.googleusercontent.com\/-xM6ktxudXk4\/TWom_TFDNlI\/AAAAAAAAAAg\/mCH1iHGIFAU\/s400\/ana.jpg\" alt=\"\" width=\"400\" height=\"160\" border=\"0\" \/><\/a><\/td>\n<\/tr>\n<tr>\n<td class=\"tr-caption\" style=\"text-align: center;\">Foto de Carlos Monc\u00edn en Heraldo de Arag\u00f3n<\/td>\n<\/tr>\n<\/tbody>\n<\/table>\n<h6 class=\"uiStreamMessage\" style=\"font-weight: normal;\" data-ft=\"{&quot;type&quot;:&quot;msg&quot;}\"><\/h6>\n<h6 class=\"uiStreamMessage\" style=\"font-weight: normal;\" data-ft=\"{&quot;type&quot;:&quot;msg&quot;}\"><span style=\"font-size: small;\"><span class=\"messageBody\">La Diputaci\u00f3n Provincial de Zaragoza (DPZ) entreg\u00f3 el 22 de febrero la Medalla de Oro de la Instituci\u00f3n &#8216;Fernando el Cat\u00f3lico&#8217; a t\u00edtulo p\u00f3stumo a Agust\u00edn Sanmiguel Mateo, que fue presidente del Centro de Estudios Bilbilitanos desde 1987 y consejero del mismo desde 1980. Esta condecoraci\u00f3n reconoce no solo su trabajo al frente del centro sino su incansable labor investigadora centrada, sobre todo, en el legado musulm\u00e1n y, especialmente, en el mud\u00e9jar.<\/span><\/span><\/h6>\n<ul>\n<li>\n<h6 class=\"uiStreamMessage\" style=\"font-weight: normal;\" data-ft=\"{&quot;type&quot;:&quot;msg&quot;}\"><a href=\"http:\/\/www.heraldo.es\/noticias\/cultura\/la_ifc_homenajea_agustin_sanmiguel.html\"><span style=\"font-size: small;\"><span class=\"messageBody\">Heraldo.es<\/span><\/span><\/a><\/h6>\n<\/li>\n<li>\n<h6 class=\"uiStreamMessage\" style=\"font-weight: normal;\" data-ft=\"{&quot;type&quot;:&quot;msg&quot;}\"><a href=\"http:\/\/www.heraldo.es\/noticias\/cultura\/la_ifc_homenajea_agustin_sanmiguel.html\"><span style=\"font-size: small;\"><span class=\"messageBody\">Arag\u00f3n2.com<\/span><\/span><\/a><\/h6>\n<\/li>\n<li>\n<h6 class=\"uiStreamMessage\" style=\"font-weight: normal;\" data-ft=\"{&quot;type&quot;:&quot;msg&quot;}\"><a href=\"http:\/\/www.20minutos.es\/noticia\/968026\/0\/\"><span style=\"font-size: small;\"><span class=\"messageBody\">20 minutos<\/span><\/span><\/a><\/h6>\n<\/li>\n<li>\n<h6 class=\"uiStreamMessage\" style=\"font-weight: normal;\" data-ft=\"{&quot;type&quot;:&quot;msg&quot;}\"><a href=\"http:\/\/www.aragonliberal.es\/noticias\/noticia.asp?notid=46517\"><span style=\"font-size: small;\"><span class=\"messageBody\">Arag\u00f3n liberal<\/span><\/span><\/a><\/h6>\n<\/li>\n<li>\n<h6 class=\"uiStreamMessage\" style=\"font-weight: normal;\" data-ft=\"{&quot;type&quot;:&quot;msg&quot;}\"><span style=\"font-size: small;\"><span class=\"messageBody\"><a href=\"http:\/\/www.europapress.es\/aragon\/noticia-institucion-fernando-catolico-entrega-medalla-oro-agustin-sanmiguel-20110222181903.html\">Europa Press<\/a><\/span><\/span><\/h6>\n<\/li>\n<\/ul>\n","protected":false},"excerpt":{"rendered":"<p>Foto de Carlos Monc\u00edn en Heraldo de Arag\u00f3n La Diputaci\u00f3n Provincial de Zaragoza (DPZ) entreg\u00f3 el 22 de febrero la Medalla de Oro de la Instituci\u00f3n &#8216;Fernando el Cat\u00f3lico&#8217; a t\u00edtulo p\u00f3stumo a Agust\u00edn Sanmiguel Mateo, que fue presidente del &hellip; <a href=\"https:\/\/cebilbilitanos.com\/?p=13\">Sigue leyendo <span class=\"meta-nav\">&rarr;<\/span><\/a><\/p>\n","protected":false},"author":1,"featured_media":0,"comment_status":"open","ping_status":"open","sticky":false,"template":"","format":"standard","meta":[],"categories":[23],"tags":[8,9,7],"_links":{"self":[{"href":"https:\/\/cebilbilitanos.com\/index.php?rest_route=\/wp\/v2\/posts\/13"}],"collection":[{"href":"https:\/\/cebilbilitanos.com\/index.php?rest_route=\/wp\/v2\/posts"}],"about":[{"href":"https:\/\/cebilbilitanos.com\/index.php?rest_route=\/wp\/v2\/types\/post"}],"author":[{"embeddable":true,"href":"https:\/\/cebilbilitanos.com\/index.php?rest_route=\/wp\/v2\/users\/1"}],"replies":[{"embeddable":true,"href":"https:\/\/cebilbilitanos.com\/index.php?rest_route=%2Fwp%2Fv2%2Fcomments&post=13"}],"version-history":[{"count":1,"href":"https:\/\/cebilbilitanos.com\/index.php?rest_route=\/wp\/v2\/posts\/13\/revisions"}],"predecessor-version":[{"id":14,"href":"https:\/\/cebilbilitanos.com\/index.php?rest_route=\/wp\/v2\/posts\/13\/revisions\/14"}],"wp:attachment":[{"href":"https:\/\/cebilbilitanos.com\/index.php?rest_route=%2Fwp%2Fv2%2Fmedia&parent=13"}],"wp:term":[{"taxonomy":"category","embeddable":true,"href":"https:\/\/cebilbilitanos.com\/index.php?rest_route=%2Fwp%2Fv2%2Fcategories&post=13"},{"taxonomy":"post_tag","embeddable":true,"href":"https:\/\/cebilbilitanos.com\/index.php?rest_route=%2Fwp%2Fv2%2Ftags&post=13"}],"curies":[{"name":"wp","href":"https:\/\/api.w.org\/{rel}","templated":true}]}}