{"id":128,"date":"2014-03-17T09:10:59","date_gmt":"2014-03-17T09:10:59","guid":{"rendered":"http:\/\/cebilbilitanos.com\/?p=128"},"modified":"2015-09-10T09:19:35","modified_gmt":"2015-09-10T09:19:35","slug":"presentacion-de-el-camino-espanol","status":"publish","type":"post","link":"https:\/\/cebilbilitanos.com\/?p=128","title":{"rendered":"Presentaci\u00f3n de El camino espa\u00f1ol"},"content":{"rendered":"<div class=\"separator\" style=\"clear: both; text-align: center;\"><a style=\"margin-left: 1em; margin-right: 1em;\" href=\"http:\/\/4.bp.blogspot.com\/-nkr015vOFKY\/UyblixDbDdI\/AAAAAAAANC0\/0VCXm10gI14\/s1600\/DSC01292.JPG\"><img decoding=\"async\" loading=\"lazy\" src=\"http:\/\/4.bp.blogspot.com\/-nkr015vOFKY\/UyblixDbDdI\/AAAAAAAANC0\/0VCXm10gI14\/s1600\/DSC01292.JPG\" alt=\"\" width=\"400\" height=\"300\" border=\"0\" \/><\/a><\/div>\n<div class=\"separator\" style=\"clear: both; text-align: center;\"><\/div>\n<div class=\"MsoNormal\" style=\"text-align: justify;\"><span style=\"font-family: 'Times New Roman','serif'; font-size: 12.0pt; line-height: 115%; mso-ansi-language: ES;\">Francisco\u00a0Tobajas Gallego<\/span><\/div>\n<div class=\"MsoNormal\" style=\"text-align: justify;\"><span style=\"font-family: 'Times New Roman','serif'; font-size: 12.0pt; line-height: 115%; mso-ansi-language: ES;\">\u00a0<\/span><\/div>\n<div class=\"MsoNormal\" style=\"text-align: justify;\"><span style=\"font-family: 'Times New Roman','serif'; font-size: 12.0pt; line-height: 115%; mso-ansi-language: ES;\">\u00a0\u00a0\u00a0\u00a0\u00a0\u00a0\u00a0\u00a0\u00a0\u00a0\u00a0 En un concurrido Sal\u00f3n de Actos de\u00a0la sede de la Comarca Comunidad de Calatayud, se present\u00f3 el pasado 18 de\u00a0diciembre el libro <i>El Camino Espa\u00f1ol y la\u00a0Log\u00edstica de los tercios. Aportaci\u00f3n de Calatayud y Comarca<\/i>, del que son\u00a0autores Fernando Mart\u00ednez La\u00ednez y V\u00edctor Javier S\u00e1nchez Tarradellas. Este\u00a0libro ha sido editado por el Centro de Estudios Bilbilitanos, cuyo Presidente,\u00a0Manuel Micheto, abri\u00f3 el acto. <\/span><\/div>\n<div class=\"MsoNormal\" style=\"text-align: justify;\"><span style=\"font-family: 'Times New Roman','serif'; font-size: 12.0pt; line-height: 115%; mso-ansi-language: ES;\">\u00a0<\/span><\/div>\n<div class=\"MsoNormal\" style=\"text-align: justify;\"><span style=\"font-family: 'Times New Roman','serif'; font-size: 12.0pt; line-height: 115%; mso-ansi-language: ES;\">\u00a0\u00a0\u00a0\u00a0\u00a0\u00a0\u00a0\u00a0\u00a0\u00a0\u00a0 En el pr\u00f3logo de este libro, Gonzalo\u00a0S\u00e1nchez Urb\u00f3n, General de Brigada y Director de la Academia de Log\u00edstica de\u00a0Calatayud, hasta mediados del pasado mes de diciembre (exactamente, el\u00a011-12-13, a las 14 horas), agradec\u00eda al Centro de Estudios Bilbilitanos la\u00a0acogida que hab\u00eda dispensado al libro, recordando la notable, fluida y larga\u00a0relaci\u00f3n de Calatayud con las Unidades del Ej\u00e9rcito, asentadas desde antiguo en\u00a0el Fuerte de la Merced. Ser\u00e1 en 1926 cuando la ciudad ceda al ramo de la guerra\u00a0unos terrenos \u00abentre Mediavega y Margarita\u00bb, para levantar el Acuartelamiento\u00a0Infante D. Jaime, actualmente Acuartelamiento Bar\u00f3n de Warsage, donde se\u00a0trasladar\u00e1n las fuerzas del 12\u00ba Regimiento de Artiller\u00eda Ligera procedentes de\u00a0Vic\u00e1lvaro, Madrid. M\u00e1s tarde, en 1975, se implantar\u00e1 un centro de ense\u00f1anza, el\u00a0Instituto Polit\u00e9cnico n\u00ba 2, que una vez ampliadas sus competencias en 2001,\u00a0pasar\u00e1 a denominarse Academia de Log\u00edstica. Calatayud se convierte as\u00ed en la\u00a0\u00fanica ciudad espa\u00f1ola que acoge un centro de ense\u00f1anza militar especializado en\u00a0Log\u00edstica. <\/span><\/div>\n<div class=\"MsoNormal\" style=\"text-align: justify;\"><span style=\"font-family: 'Times New Roman','serif'; font-size: 12.0pt; line-height: 115%; mso-ansi-language: ES;\">\u00a0<\/span><\/div>\n<div class=\"MsoNormal\" style=\"text-align: justify; text-indent: 36.0pt;\"><span style=\"font-family: 'Times New Roman','serif'; font-size: 12.0pt; line-height: 115%; mso-ansi-language: ES;\">Antes de la creaci\u00f3n de la Academia, parte de sus\u00a0cometidos ten\u00edan lugar en la Escuela de Log\u00edstica del Ej\u00e9rcito de Tierra, con\u00a0sede en Villaverde, Madrid, que ten\u00eda como lema \u00abPoner una pica en Flandes\u00bb, aludiendo\u00a0a la campa\u00f1a que los Tercios espa\u00f1oles llevaron a cabo en aquellas lejanas\u00a0tierras durante ochenta largos a\u00f1os, recorriendo el llamado Camino Espa\u00f1ol. La\u00a0Asociaci\u00f3n del Camino Espa\u00f1ol, creada en 2011, honr\u00f3 a la Academia de Log\u00edstica\u00a0con el t\u00edtulo de Socio de Honor.<\/span><\/div>\n<div class=\"MsoNormal\" style=\"text-align: justify; text-indent: 36.0pt;\"><span style=\"font-family: 'Times New Roman','serif'; font-size: 12.0pt; line-height: 115%; mso-ansi-language: ES;\">\u00a0<\/span><\/div>\n<div class=\"MsoNormal\" style=\"text-align: justify;\"><span style=\"font-family: 'Times New Roman','serif'; font-size: 12.0pt; line-height: 115%; mso-ansi-language: ES;\">\u00a0\u00a0\u00a0\u00a0\u00a0\u00a0\u00a0\u00a0\u00a0\u00a0\u00a0 El libro consta de tres partes\u00a0diferenciadas. La primera de ellas, dedicada al Camino Espa\u00f1ol de los Tercios, se\u00a0debe al periodista, historiador y vocal de la Asociaci\u00f3n de Amigos del Camino\u00a0Espa\u00f1ol de los Tercios, Fernando Mart\u00ednez Tejero. Esta parte del libro ya era\u00a0conocida por unas conferencias que el autor imparti\u00f3 en Calatayud, con motivo\u00a0del X Aniversario de la creaci\u00f3n de la Academia de Log\u00edstica.\u00a0<\/span><\/div>\n<div class=\"MsoNormal\" style=\"text-align: justify;\"><\/div>\n<div class=\"MsoNormal\" style=\"text-align: justify;\"><span style=\"font-family: 'Times New Roman','serif'; font-size: 12.0pt; line-height: 115%; mso-ansi-language: ES;\">\u00a0\u00a0\u00a0\u00a0\u00a0\u00a0\u00a0\u00a0\u00a0\u00a0\u00a0 La segunda parte, dedicada a la\u00a0log\u00edstica que abastec\u00eda a los Tercios espa\u00f1oles, se debe al Teniente Coronel\u00a0V\u00edctor Javier S\u00e1nchez Tarradellas, profesor de la Academia, quien firma tambi\u00e9n\u00a0la tercera parte del libro, donde muestra la importancia de Calatayud y su\u00a0Comarca en las actividades de log\u00edstica militar de aquella centuria.<\/span><\/div>\n<div class=\"MsoNormal\" style=\"text-align: justify;\"><span style=\"font-family: 'Times New Roman','serif'; font-size: 12.0pt; line-height: 115%; mso-ansi-language: ES;\">\u00a0<\/span><\/div>\n<div class=\"MsoNormal\" style=\"text-align: justify;\"><span style=\"font-family: 'Times New Roman','serif'; font-size: 12.0pt; line-height: 115%; mso-ansi-language: ES;\">\u00a0\u00a0\u00a0\u00a0\u00a0\u00a0\u00a0\u00a0\u00a0\u00a0\u00a0 En la Introducci\u00f3n a este libro,\u00a0C\u00e9sar Muro Benayas, Teniente General y Presidente de la Asociaci\u00f3n de Amigos\u00a0del Camino de los Tercios, asegura que entre 1534 y finales del siglo XVII, los\u00a0tercios espa\u00f1oles eran las mejores unidades militares del mundo, s\u00f3lo\u00a0comparables a las falanges maced\u00f3nicas, a las legiones romanas, a los\u00a0regimientos napole\u00f3nicos o a las columnas acorazadas de la Werhmacht.<\/span><\/div>\n<div class=\"MsoNormal\" style=\"text-align: justify;\"><span style=\"font-family: 'Times New Roman','serif'; font-size: 12.0pt; line-height: 115%; mso-ansi-language: ES;\">\u00a0<\/span><\/div>\n<div class=\"MsoNormal\" style=\"text-align: justify;\"><span style=\"font-family: 'Times New Roman','serif'; font-size: 12.0pt; line-height: 115%; mso-ansi-language: ES;\">\u00a0\u00a0\u00a0\u00a0\u00a0\u00a0\u00a0\u00a0\u00a0\u00a0\u00a0 Recordaba que en el a\u00f1o 2006, un\u00a0oficial espa\u00f1ol de Infanter\u00eda destinado en Bruselas, descubri\u00f3 de manera\u00a0fortuita el antiguo poblado de Empel, frente a la isla de Bomel. Una peque\u00f1a\u00a0ermita recuerda el milagro en el d\u00eda dedicado a la Virgen Inmaculada, que dio\u00a0origen a su patronazgo. En esta isla unos pocos soldados espa\u00f1oles fueron\u00a0sitiados por sus enemigos a bordo de sus barcas. La noche del 8 de diciembre\u00a0las temperaturas bajaron varios grados bajo cero y todo el lago qued\u00f3 helado,\u00a0quedando las barcas atrapadas. Los espa\u00f1oles salieron de la isla y andando\u00a0sobre el mismo hielo del lago, fueron atacando a todas las barcas de sus\u00a0enemigos, logrando una gran victoria. Aquel hallazgo conmovi\u00f3 a los componentes\u00a0de la Infanter\u00eda y auspiciado por la Academia del Arma y el apoyo del Ej\u00e9rcito,\u00a0se organiz\u00f3 una expedici\u00f3n, que se fue repitiendo a\u00f1o tras a\u00f1o, hasta que en el\u00a0a\u00f1o 2011, un grupo de \u00abrom\u00e1nticos de los tercios\u00bb crearon la Asociaci\u00f3n de\u00a0Amigos del Camino Espa\u00f1ol de los Tercios, contando actualmente con m\u00e1s de\u00a0quinientos socios.<\/span><\/div>\n<div class=\"MsoNormal\" style=\"text-align: justify;\"><span style=\"font-family: 'Times New Roman','serif'; font-size: 12.0pt; line-height: 115%; mso-ansi-language: ES;\">\u00a0<\/span><\/div>\n<div class=\"MsoNormal\" style=\"text-align: justify;\"><span style=\"font-family: 'Times New Roman','serif'; font-size: 12.0pt; line-height: 115%; mso-ansi-language: ES;\">\u00a0\u00a0\u00a0\u00a0\u00a0\u00a0\u00a0\u00a0\u00a0\u00a0\u00a0 Fernando Mart\u00ednez La\u00ednez afirma con\u00a0contundencia que el llamado Camino Espa\u00f1ol fue la maniobra log\u00edstica m\u00e1s\u00a0importante de la Edad Media. Se trataba de un camino de ida y vuelta, que\u00a0atravesaba gran parte de Europa. En aquel tiempo, los enemigos del poder\u00a0militar espa\u00f1ol fueron el espacio o la distancia a sus posesiones europeas o de\u00a0ultramar y la escasez de hombres. La ruta mar\u00edtima hacia los Pa\u00edses Bajos era\u00a0muy peligrosa por la acci\u00f3n de los corsarios hugonotes franceses y holandeses,\u00a0y la hostilidad brit\u00e1nica, sobre todo desde 1558, a\u00f1o de la p\u00e9rdida de Calais y\u00a0la subida al trono de Isabel I, sin contar tambi\u00e9n con los terribles temporales\u00a0de esta zona. Espa\u00f1a mantuvo una larga guerra a lo largo de ochenta a\u00f1os contra \u00a0los Pa\u00edses Bajos, que acab\u00f3 agotando todos sus recursos. El primero que utiliz\u00f3\u00a0el Camino Espa\u00f1ol fue el duque de Alba en 1566, cuando acudi\u00f3 a Flandes con su\u00a0ej\u00e9rcito para reprimir a los rebeldes flamencos, aunque la idea hab\u00eda surgido\u00a0unos a\u00f1os antes de Antonio Granvela, Consejero del rey Felipe II, con el fin de\u00a0que el mismo rey pudiera hacerse cargo de aquella situaci\u00f3n, viajando de\u00a0Espa\u00f1a, v\u00eda G\u00e9nova, hasta Flandes, pero aquella visita nunca se produjo. <\/span><\/div>\n<div class=\"MsoNormal\" style=\"text-align: justify;\"><span style=\"font-family: 'Times New Roman','serif'; font-size: 12.0pt; line-height: 115%; mso-ansi-language: ES;\">\u00a0<\/span><\/div>\n<div class=\"MsoNormal\" style=\"text-align: justify; text-indent: 36.0pt;\"><span style=\"font-family: 'Times New Roman','serif'; font-size: 12.0pt; line-height: 115%; mso-ansi-language: ES;\">Las tropas, que se reclutaban en su mayor parte en Arag\u00f3n,\u00a0Catalu\u00f1a, Castilla, Reino de Valencia y Murcia, embarcaban en los puertos de\u00a0Barcelona, Valencia o Cartagena, desembarcando en G\u00e9nova y en otros puertos\u00a0cercanos de Liguria, al cabo de una semana. De all\u00ed iniciaban una marcha hasta\u00a0Mil\u00e1n, donde los soldados pod\u00edan descansar bajo techo, en acuartelamientos y\u00a0hospitales militares. Luego ten\u00edan que cruzar los Alpes, cruzar el territorio\u00a0leal del Franco-Condado y el principado-obispado de Lieja, de resistencia\u00a0cat\u00f3lica. En aquellas zonas de mayor peligro, el grueso de la fuerza, compuesta\u00a0<\/span><span style=\"font-family: 'Times New Roman','serif'; font-size: 12.0pt; line-height: 115%; mso-ansi-language: ES;\">por unos tres mil soldados, se divid\u00eda en dos divisiones: vanguardia, donde\u00a0iban los mosqueteros, arcabuceros y piqueros, y la retaguardia, con las picas,\u00a0los arcabuceros y los mosqueteros, dispuestos en este orden. En la marcha se\u00a0atend\u00eda a los enfermos y perdidos y se persegu\u00eda a los desertores, de los que\u00a0se encargaba los cuadrilleros a caballo del barrachel de campa\u00f1a. <\/span><\/div>\n<div class=\"MsoNormal\" style=\"text-align: justify; text-indent: 36.0pt;\"><span style=\"font-family: 'Times New Roman','serif'; font-size: 12.0pt; line-height: 115%; mso-ansi-language: ES;\">\u00a0<\/span><\/div>\n<div class=\"MsoNormal\" style=\"text-align: justify; text-indent: 36.0pt;\"><span style=\"font-family: 'Times New Roman','serif'; font-size: 12.0pt; line-height: 115%; mso-ansi-language: ES;\">En condiciones normales, la traves\u00eda desde Mil\u00e1n hasta\u00a0Namur, por el llamado Camino Espa\u00f1ol, ven\u00eda a costar una media de 48 d\u00edas. En\u00a01622 Saboya prohibi\u00f3 el tr\u00e1nsito de tropas por aquel territorio. En 1633 Luis\u00a0XIII ocup\u00f3 Lorena, que era la encrucijada donde converg\u00edan todas las rutas del\u00a0camino Espa\u00f1ol antes de pisar Flandes, haciendo imposible ya la traves\u00eda.\u00a0Entonces se intent\u00f3 llevar las picas a Flandes por mar, desde los puertos de\u00a0Galicia y del Cant\u00e1brico, pero la derrota en 1639 de la flota del almirante\u00a0Oquendo, en la batalla de las Dunas, acab\u00f3 tambi\u00e9n con esta posibilidad.\u00a0Tambi\u00e9n se utiliz\u00f3 la ruta que, desde Mil\u00e1n, cruzaba los Alpes y los cantones\u00a0suizos, cruzando el Rin hasta Alsacia.<\/span><\/div>\n<div class=\"MsoNormal\" style=\"text-align: justify; text-indent: 36.0pt;\"><span style=\"font-family: 'Times New Roman','serif'; font-size: 12.0pt; line-height: 115%; mso-ansi-language: ES;\">\u00a0<\/span><\/div>\n<div class=\"MsoNormal\" style=\"text-align: justify; text-indent: 36.0pt;\"><span style=\"font-family: 'Times New Roman','serif'; font-size: 12.0pt; line-height: 115%; mso-ansi-language: ES;\">Mart\u00ednez La\u00ednez escribe que el Camino Espa\u00f1ol, \u00abadem\u00e1s de\u00a0ser una haza\u00f1a log\u00edstica\u00bb, representaba \u00abuna serie de virtudes vinculadas al\u00a0esp\u00edritu militar, al patriotismo, al esfuerzo en la defensa de unas banderas<br \/>\nque hicieron ondear la idea y el nombre de Espa\u00f1a en toda Europa\u00bb.<\/span><\/div>\n<div class=\"MsoNormal\" style=\"text-align: justify; text-indent: 36.0pt;\"><span style=\"font-family: 'Times New Roman','serif'; font-size: 12.0pt; line-height: 115%; mso-ansi-language: ES;\">\u00a0<\/span><\/div>\n<div class=\"MsoNormal\" style=\"text-align: justify; text-indent: 36.0pt;\"><span style=\"font-family: 'Times New Roman','serif'; font-size: 12.0pt; line-height: 115%; mso-ansi-language: ES;\">\u00a0\u00a0\u00a0\u00a0\u00a0\u00a0\u00a0\u00a0\u00a0\u00a0\u00a0 En la\u00a0segunda parte, el Teniente Coronel S\u00e1nchez Tarradellas trata de la Log\u00edstica en\u00a0la \u00e9poca de los Tercios y del Camino Espa\u00f1ol, \u00abun aut\u00e9ntico prodigio\u00a0log\u00edstico\u00bb. Las nuevas necesidades de la monarqu\u00eda espa\u00f1ola, siempre falta de\u00a0hombres y de dinero, le llevaron adoptar novedosos m\u00e9todos, que anticiparon las\u00a0formas m\u00e1s modernas de apoyo a las tropas, como el sistema de etapas, los trenes\u00a0de v\u00edveres, el apoyo social al soldado y a sus familias, y la asistencia\u00a0sanitaria. Miguel de Cervantes, que fue soldado antes que logista, escribi\u00f3 con\u00a0indudable tino: \u00abEl peso de las armas no puede llevarse sin el buen gobierno de\u00a0las tripas\u00bb.<\/span><\/div>\n<div class=\"MsoNormal\" style=\"text-align: justify; text-indent: 36.0pt;\"><span style=\"font-family: 'Times New Roman','serif'; font-size: 12.0pt; line-height: 115%; mso-ansi-language: ES;\">\u00a0<\/span><\/div>\n<div class=\"MsoNormal\" style=\"text-align: justify; text-indent: 36.0pt;\"><span style=\"font-family: 'Times New Roman','serif'; font-size: 12.0pt; line-height: 115%; mso-ansi-language: ES;\">\u00a0\u00a0\u00a0\u00a0\u00a0\u00a0\u00a0\u00a0\u00a0\u00a0\u00a0 En la\u00a0tercera y \u00faltima parte, el Teniente Coronel S\u00e1nchez Tarradellas escribe sobre\u00a0la aportaci\u00f3n de Calatayud y su Comarca al Camino Espa\u00f1ol y al ej\u00e9rcito.\u00a0Entonces como hoy, Calatayud se encuentra en una importante encrucijada de\u00a0caminos, por el que transitaban armas y tropas. En su comarca se encontraba uno\u00a0de los m\u00e1s importantes centros de producci\u00f3n de p\u00f3lvora de la \u00e9poca. Calatayud\u00a0abastec\u00eda tambi\u00e9n al ej\u00e9rcito de cuerdas o mechas de arcabuz, a base de lino o\u00a0de c\u00e1\u00f1amo, adem\u00e1s de armas. En Calatayud hac\u00edan un alto los soldados reclutados\u00a0en Castilla, que segu\u00edan el camino real de Arag\u00f3n hasta el puerto de Barcelona.\u00a0Los vecinos de Calatayud deb\u00edan alojar a los soldados, proporcion\u00e1ndoles agua,\u00a0sal, aceite, vinagre y asiento a la lumbre. Calatayud era un punto importante\u00a0de paso de armas procedentes de Vizcaya y Guip\u00fazcoa, aunque tambi\u00e9n era un destacado\u00a0centro productor. Enrique de Leguina comparaba la producci\u00f3n de Calatayud con\u00a0Toledo, citando algunos prestigiosos espaderos, como Andreas Munsten y Luis de\u00a0Nieva, que labraron en ambas ciudades. Otro c\u00e9lebre espadero de Calatayud fue\u00a0el converso Juli\u00e1n del Rey, cuya marca se encuentra en un estoque del emperador\u00a0Carlos y en una espada atribuida a Hern\u00e1n Cort\u00e9s. Las aguas del Jal\u00f3n siempre\u00a0fueron muy elogiadas para dar el temple adecuado, medido en avemar\u00edas, como ya\u00a0refiere Marcial. En el siglo XV exist\u00eda en Calatayud un potente gremio de\u00a0herreros musulmanes, con ballesteros, armeros, y guarnecedores. Un documento de\u00a01577 daba una cifra de 1.400 hombres de Calatayud al servicio de su majestad y\u00a0de 5.508 hombres para toda la comarca. Dispon\u00edan de 3.467 arcabuces, 1.375\u00a0ballestas y 2.093 picas. Por entonces hab\u00eda en Calatayud m\u00e1s de quince\u00a0pu\u00f1aleros y espaderos, adem\u00e1s de varios escopeteros. Pero la manufactura armera\u00a0que dio m\u00e1s fama a Calatayud fue el capacete. Se trataba de un casco sin cresta\u00a0ni visera, a veces terminado en punta, parecido al morri\u00f3n, aunque de forma m\u00e1s\u00a0esf\u00e9rica, chata o aplanada. De origen morisco, no llevaba protecci\u00f3n para el\u00a0rostro, permitiendo una mejor visi\u00f3n para ballesteros, arcabuceros y\u00a0mosqueteros. Lo utiliz\u00f3 frecuentemente en los siglos XVI y XVII la infanter\u00eda\u00a0espa\u00f1ola, asegurado con un barbolejo. Los capacetes se produc\u00edan en Castej\u00f3n de\u00a0las Armas y en Calatayud. En el Kunsthistorisches Museum de Viena encontramos\u00a0un capacete datado en 1490 y atribuido a Fernando el Cat\u00f3lico, que por sus\u00a0marcas se considera de origen bilbilitano. Otro, al parecer del mismo origen y\u00a0correspondiente al alf\u00e9rez Duarte de Almeida, que llevaba en la batalla de Toro\u00a0en 1476, se conserva como trofeo en la catedral de Toledo. Los capacetes de\u00a0Calatayud se citan ya en <i>La Celestina<\/i>,\u00a0con los broqueles de Barcelona y los casquetes de Almaz\u00e1n. A ellos tambi\u00e9n se\u00a0refieren el duque de Rivas y Nicol\u00e1s Fern\u00e1ndez de Morat\u00edn.<\/span><\/div>\n<div class=\"MsoNormal\" style=\"text-align: justify; text-indent: 36.0pt;\"><span style=\"font-family: 'Times New Roman','serif'; font-size: 12.0pt; line-height: 115%; mso-ansi-language: ES;\">\u00a0<\/span><\/div>\n<div class=\"MsoNormal\" style=\"text-align: justify; text-indent: 36.0pt;\"><span style=\"font-family: 'Times New Roman','serif'; font-size: 12.0pt; line-height: 115%; mso-ansi-language: ES;\">Otra importante industria eran los molinos de p\u00f3lvora de\u00a0Villafeliche, que llegar\u00eda a ser el principal centro productor de p\u00f3lvora de\u00a0Espa\u00f1a, junto a Granada, Murcia y Manresa. Utilizaban como fuerza motriz las<br \/>\naguas del Jiloca. Desde \u00c9pila llegaba el salitre y desde Villel y Libros el\u00a0azufre. El carb\u00f3n se fabricaba a partir de sarmientos de la vid, ramas de sauce\u00a0y c\u00e1\u00f1amo. La producci\u00f3n de p\u00f3lvora en Villafeliche se hac\u00eda al aire libre.<\/span><\/div>\n<div class=\"MsoNormal\" style=\"text-align: justify; text-indent: 36.0pt;\"><span style=\"font-family: 'Times New Roman','serif'; font-size: 12.0pt; line-height: 115%; mso-ansi-language: ES;\">\u00a0<\/span><\/div>\n<div class=\"MsoNormal\" style=\"text-align: justify; text-indent: 36.0pt;\"><span style=\"font-family: 'Times New Roman','serif'; font-size: 12.0pt; line-height: 115%; mso-ansi-language: ES;\">El uso de armas de fuego en Espa\u00f1a ya aparece documentado\u00a0en 1343. Ser\u00e1n utilizadas en el sitio de Calatayud en 1362, en la llamada\u00a0Guerra de los Pedros. Los primeros arcabuces y luego los mosquetes necesitaban\u00a0trozos de mechas de combusti\u00f3n lenta, que provocaban la ignici\u00f3n de la p\u00f3lvora.\u00a0Su consumo era tan importante que la cuerda de arcabuz se suministraba por\u00a0quintales. Para ello se requer\u00eda del c\u00e1\u00f1amo, que dio lugar a numerosos oficios,\u00a0como alpargatero, cordelero o soguero.<\/span><\/div>\n<div class=\"MsoNormal\" style=\"text-align: justify; text-indent: 36.0pt;\"><span style=\"font-family: 'Times New Roman','serif'; font-size: 12.0pt; line-height: 115%; mso-ansi-language: ES;\">\u00a0<\/span><\/div>\n<div class=\"separator\" style=\"clear: both;\"><\/div>\n<div class=\"MsoNormal\" style=\"text-align: justify; text-indent: 36.0pt;\"><span style=\"font-family: 'Times New Roman','serif'; font-size: 12.0pt; line-height: 115%; mso-ansi-language: ES;\">Al final del libro se recogen tambi\u00e9n unos interesantes\u00a0anexos, como varios planos del camino real que pasaba por Calatayud,\u00a0fotograf\u00edas de varios capacetes, que se consideran de origen bilbilitano, o un\u00a0documento de la Biblioteca Nacional, datado en 1577, donde se recogen, lugar\u00a0por lugar, los vecinos, los arcabuces, las ballestas, las picas y las lanzas\u00a0que dispon\u00eda el rey para su servicio. El alcalde de Calatayud, Jos\u00e9 Manuel\u00a0Aranda, cerr\u00f3 el acto de presentaci\u00f3n de este \u00faltimo libro del Centro de\u00a0Estudios Bilbilitanos, dedicado al Camino Espa\u00f1ol y a la Log\u00edstica en la \u00e9poca\u00a0de los tercios.<\/span><\/div>\n<p>&nbsp;<\/p>\n","protected":false},"excerpt":{"rendered":"<p>Francisco\u00a0Tobajas Gallego \u00a0 \u00a0\u00a0\u00a0\u00a0\u00a0\u00a0\u00a0\u00a0\u00a0\u00a0\u00a0 En un concurrido Sal\u00f3n de Actos de\u00a0la sede de la Comarca Comunidad de Calatayud, se present\u00f3 el pasado 18 de\u00a0diciembre el libro El Camino Espa\u00f1ol y la\u00a0Log\u00edstica de los tercios. Aportaci\u00f3n de Calatayud y Comarca, del &hellip; <a href=\"https:\/\/cebilbilitanos.com\/?p=128\">Sigue leyendo <span class=\"meta-nav\">&rarr;<\/span><\/a><\/p>\n","protected":false},"author":1,"featured_media":0,"comment_status":"open","ping_status":"open","sticky":false,"template":"","format":"standard","meta":[],"categories":[23],"tags":[6,17,10,11],"_links":{"self":[{"href":"https:\/\/cebilbilitanos.com\/index.php?rest_route=\/wp\/v2\/posts\/128"}],"collection":[{"href":"https:\/\/cebilbilitanos.com\/index.php?rest_route=\/wp\/v2\/posts"}],"about":[{"href":"https:\/\/cebilbilitanos.com\/index.php?rest_route=\/wp\/v2\/types\/post"}],"author":[{"embeddable":true,"href":"https:\/\/cebilbilitanos.com\/index.php?rest_route=\/wp\/v2\/users\/1"}],"replies":[{"embeddable":true,"href":"https:\/\/cebilbilitanos.com\/index.php?rest_route=%2Fwp%2Fv2%2Fcomments&post=128"}],"version-history":[{"count":1,"href":"https:\/\/cebilbilitanos.com\/index.php?rest_route=\/wp\/v2\/posts\/128\/revisions"}],"predecessor-version":[{"id":129,"href":"https:\/\/cebilbilitanos.com\/index.php?rest_route=\/wp\/v2\/posts\/128\/revisions\/129"}],"wp:attachment":[{"href":"https:\/\/cebilbilitanos.com\/index.php?rest_route=%2Fwp%2Fv2%2Fmedia&parent=128"}],"wp:term":[{"taxonomy":"category","embeddable":true,"href":"https:\/\/cebilbilitanos.com\/index.php?rest_route=%2Fwp%2Fv2%2Fcategories&post=128"},{"taxonomy":"post_tag","embeddable":true,"href":"https:\/\/cebilbilitanos.com\/index.php?rest_route=%2Fwp%2Fv2%2Ftags&post=128"}],"curies":[{"name":"wp","href":"https:\/\/api.w.org\/{rel}","templated":true}]}}