{"id":1275,"date":"2016-11-27T18:42:27","date_gmt":"2016-11-27T18:42:27","guid":{"rendered":"http:\/\/cebilbilitanos.com\/?p=1275"},"modified":"2016-11-27T18:42:27","modified_gmt":"2016-11-27T18:42:27","slug":"archivo-fotografico-del-ceb","status":"publish","type":"post","link":"https:\/\/cebilbilitanos.com\/?p=1275","title":{"rendered":"Archivo fotogr\u00e1fico del CEB"},"content":{"rendered":"<p><strong><em>Queremos preservar\u00a0 la memoria visual de Calatayud y su comarca<\/em><\/strong><\/p>\n<p>El Centro de Estudios Bilbilitanos (CEB) est\u00e1 organizando un archivo fotogr\u00e1fico con dos objetivos b\u00e1sicos:<\/p>\n<ul>\n<li>Conservar, aumentar \u00a0y custodiar una colecci\u00f3n de fotograf\u00edas de Calatayud y de la comarca Comunidad de Calatayud de cualquier \u00e9poca para las futuras generaciones.<\/li>\n<li>Facilitar en formato digital el acceso a dichas fotograf\u00edas tanto a los investigadores y divulgadores de la cultura comarcal como a otras personas interesadas.<\/li>\n<\/ul>\n<p>El archivo actual del CEB presenta formatos diversos: fotograf\u00edas en papel, negativos, cristales, acetatos y diapositivas. Conservamos un conjunto de interesantes fotograf\u00edas que vamos a incrementar para que sea un punto referencial en la cultura comarcal y aragonesa.<\/p>\n<p>Todo el material visual se ir\u00e1 progresivamente reconvirtiendo a formato\u00a0 digital para garantizar la preservaci\u00f3n\u00a0 de las copias.<\/p>\n<div id=\"attachment_1268\" style=\"width: 595px\" class=\"wp-caption aligncenter\"><img aria-describedby=\"caption-attachment-1268\" decoding=\"async\" loading=\"lazy\" class=\"size-full wp-image-1268\" src=\"http:\/\/cebilbilitanos.com\/wp-content\/uploads\/2016\/11\/foto.jpg\" alt=\"Homenaje a la Mujer Bilbilitana. 1924 (Archivo Fotogr\u00e1fico del CEB) \" width=\"585\" height=\"408\" srcset=\"https:\/\/cebilbilitanos.com\/wp-content\/uploads\/2016\/11\/foto.jpg 585w, https:\/\/cebilbilitanos.com\/wp-content\/uploads\/2016\/11\/foto-300x209.jpg 300w\" sizes=\"(max-width: 585px) 100vw, 585px\" \/><p id=\"caption-attachment-1268\" class=\"wp-caption-text\">Homenaje a la Mujer Bilbilitana. 1924<br \/>(Archivo Fotogr\u00e1fico del CEB)<\/p><\/div>\n<div class=\"issuuembed\" style=\"width: 636px; height: 449px;\" data-configid=\"1152352\/41243452\">\n<p><strong><em>El archivo digital como fuente organizada de documentaci\u00f3n<\/em><\/strong><\/p>\n<p>Las fotograf\u00edas, una vez digitalizadas progresivamente, ser\u00e1n almacenadas en el disco duro de un ordenador espec\u00edfico del CEB, en un disco externo y, si es necesario,\u00a0 en DVD o formato similar. En cualquier caso, teniendo en cuenta los avances tecnol\u00f3gicos, los responsables del archivo valorar\u00e1n en cada momento qu\u00e9 soporte es el m\u00e1s adecuado para su conservaci\u00f3n.<\/p>\n<p>Las fotograf\u00edas digitalizadas tendr\u00e1n la calidad suficiente para su posterior difusi\u00f3n. El CEB ya se ha dotado de los medios t\u00e9cnicos necesarios para digitalizar cualquier formato de fotograf\u00eda que le sea confiada o prestada por particulares o asociaciones.<\/p>\n<p>Siempre que sea posible, de cada fotograf\u00eda se recoger\u00e1n los siguientes datos: persona, organismo o entidad que la ha facilitado, nombre del fot\u00f3grafo, fecha y lugar, tema o personas que aparecen en la imagen.<\/p>\n<p>Queremos un archivo perfectamente organizado y estructurado, de forma que sirva de fuente documental fiable.<\/p>\n<\/div>\n<p><img decoding=\"async\" loading=\"lazy\" class=\"aligncenter size-full wp-image-1269\" src=\"http:\/\/cebilbilitanos.com\/wp-content\/uploads\/2016\/11\/as.jpg\" alt=\"as\" width=\"486\" height=\"337\" srcset=\"https:\/\/cebilbilitanos.com\/wp-content\/uploads\/2016\/11\/as.jpg 486w, https:\/\/cebilbilitanos.com\/wp-content\/uploads\/2016\/11\/as-300x208.jpg 300w\" sizes=\"(max-width: 486px) 100vw, 486px\" \/><\/p>\n<div class=\"issuuembed\" style=\"width: 636px; height: 449px;\" data-configid=\"1152352\/41243452\">\n<p><strong><em>Un archivo activo para ser utilizado <\/em><\/strong><\/p>\n<p>Insistimos en que las fotograf\u00edas podr\u00e1n ser consultadas por todos aquellos interesados en la cultura comarcal, sobre todo investigadores y asociaciones culturales, pero tambi\u00e9n por cualquier persona que precise alguna informaci\u00f3n espec\u00edfica. Estamos abiertos a todos.<\/p>\n<p>Se prev\u00e9 que el archivo fotogr\u00e1fico del CEB sea un recurso para publicaciones anal\u00f3gicas\u00a0 y digitales de autores y asociaciones (libros convencionales o p\u00e1ginas web), para su difusi\u00f3n espec\u00edfica en la p\u00e1gina web del CEB, para organizar exposiciones peri\u00f3dicas de fotograf\u00edas y para que puedan ser consultadas en la sede de la Puerta de Terrer.<\/p>\n<p>El objetivo de esta iniciativa no es solamente acumular miles de fotograf\u00edas, sino tambi\u00e9n clasificarlas para su divulgaci\u00f3n. El CEB act\u00faa como depositario de una informaci\u00f3n visual\u00a0 de ida y vuelta, en un proceso continuo de recibir y facilitar datos gr\u00e1ficos de nuestra historia m\u00e1s reciente.<\/p>\n<div id=\"attachment_1270\" style=\"width: 652px\" class=\"wp-caption aligncenter\"><img aria-describedby=\"caption-attachment-1270\" decoding=\"async\" loading=\"lazy\" class=\"size-full wp-image-1270\" src=\"http:\/\/cebilbilitanos.com\/wp-content\/uploads\/2016\/11\/ll.jpg\" alt=\"Jos\u00e9 Mar\u00eda L\u00f3pez Landa en la &quot;Biblioteca Graciana&quot; (Mariano Rubio Vergara, Archivo Fotogr\u00e1fico del CEB)\" width=\"642\" height=\"413\" srcset=\"https:\/\/cebilbilitanos.com\/wp-content\/uploads\/2016\/11\/ll.jpg 642w, https:\/\/cebilbilitanos.com\/wp-content\/uploads\/2016\/11\/ll-300x193.jpg 300w\" sizes=\"(max-width: 642px) 100vw, 642px\" \/><p id=\"caption-attachment-1270\" class=\"wp-caption-text\">Jos\u00e9 Mar\u00eda L\u00f3pez Landa en la \u00abBiblioteca Graciana\u00bb<br \/>(Mariano Rubio Vergara, Archivo Fotogr\u00e1fico del CEB)<\/p><\/div>\n<\/div>\n<p>&nbsp;<\/p>\n<p>&nbsp;<\/p>\n<p>&nbsp;<\/p>\n<p>&nbsp;<\/p>\n<p>&nbsp;<\/p>\n<p>&nbsp;<\/p>\n<p>&nbsp;<\/p>\n<p>&nbsp;<\/p>\n<p>&nbsp;<\/p>\n<p><strong><em>Buscamos la colaboraci\u00f3n de todos<\/em><\/strong><\/p>\n<p>Hacemos una llamada a particulares y asociaciones para que colaboren con el Centro de Estudios Bilbilitanos y podamos acceder a sus fotograf\u00edas.<\/p>\n<p>El CEB se compromete a digitalizar fotograf\u00edas sueltas o archivos fotogr\u00e1ficos completos, facilitando adem\u00e1s\u00a0 una copia digital a quienes hayan aportado sus im\u00e1genes. Para ello, el CEB escanear\u00e1 en su sede las fotograf\u00edas. Adem\u00e1s, aceptaremos cualquier formato de fotograf\u00eda que le sea confiado para su custodia. Se recoger\u00e1n\u00a0 tambi\u00e9n las fotograf\u00edas ya escaneadas y digitalizadas.<\/p>\n<p>Todo el material ser\u00e1 archivado y ordenado tem\u00e1ticamente para su posterior uso.<\/p>\n<p>Confiamos en que esta iniciativa del CEB tenga una buena acogida porque el \u00fanico objetivo es preservar para las futuras generaciones un valioso legado visual que en estos momentos se encuentra disperso.<\/p>\n<p>Tel\u00e9fono:\u00a0\u00a0\u00a0 976 88 55 28.\u00a0\u00a0Correo electr\u00f3nico: direccion@cebilbilitanos.com.<\/p>\n<p><iframe loading=\"lazy\" src=\"\/\/e.issuu.com\/embed.html#1152352\/41243452\" width=\"636\" height=\"449\" frameborder=\"0\" allowfullscreen=\"allowfullscreen\"><\/iframe><\/p>\n","protected":false},"excerpt":{"rendered":"<p>Queremos preservar\u00a0 la memoria visual de Calatayud y su comarca El Centro de Estudios Bilbilitanos (CEB) est\u00e1 organizando un archivo fotogr\u00e1fico con dos objetivos b\u00e1sicos: Conservar, aumentar \u00a0y custodiar una colecci\u00f3n de fotograf\u00edas de Calatayud y de la comarca Comunidad &hellip; <a href=\"https:\/\/cebilbilitanos.com\/?p=1275\">Sigue leyendo <span class=\"meta-nav\">&rarr;<\/span><\/a><\/p>\n","protected":false},"author":1,"featured_media":0,"comment_status":"open","ping_status":"open","sticky":false,"template":"","format":"standard","meta":[],"categories":[23],"tags":[],"_links":{"self":[{"href":"https:\/\/cebilbilitanos.com\/index.php?rest_route=\/wp\/v2\/posts\/1275"}],"collection":[{"href":"https:\/\/cebilbilitanos.com\/index.php?rest_route=\/wp\/v2\/posts"}],"about":[{"href":"https:\/\/cebilbilitanos.com\/index.php?rest_route=\/wp\/v2\/types\/post"}],"author":[{"embeddable":true,"href":"https:\/\/cebilbilitanos.com\/index.php?rest_route=\/wp\/v2\/users\/1"}],"replies":[{"embeddable":true,"href":"https:\/\/cebilbilitanos.com\/index.php?rest_route=%2Fwp%2Fv2%2Fcomments&post=1275"}],"version-history":[{"count":1,"href":"https:\/\/cebilbilitanos.com\/index.php?rest_route=\/wp\/v2\/posts\/1275\/revisions"}],"predecessor-version":[{"id":1276,"href":"https:\/\/cebilbilitanos.com\/index.php?rest_route=\/wp\/v2\/posts\/1275\/revisions\/1276"}],"wp:attachment":[{"href":"https:\/\/cebilbilitanos.com\/index.php?rest_route=%2Fwp%2Fv2%2Fmedia&parent=1275"}],"wp:term":[{"taxonomy":"category","embeddable":true,"href":"https:\/\/cebilbilitanos.com\/index.php?rest_route=%2Fwp%2Fv2%2Fcategories&post=1275"},{"taxonomy":"post_tag","embeddable":true,"href":"https:\/\/cebilbilitanos.com\/index.php?rest_route=%2Fwp%2Fv2%2Ftags&post=1275"}],"curies":[{"name":"wp","href":"https:\/\/api.w.org\/{rel}","templated":true}]}}