{"id":126,"date":"2014-03-17T09:04:23","date_gmt":"2014-03-17T09:04:23","guid":{"rendered":"http:\/\/cebilbilitanos.com\/?p=126"},"modified":"2015-09-10T09:10:55","modified_gmt":"2015-09-10T09:10:55","slug":"faustino-sancho-y-gil-1850-1896-notas-para-la-biografia-de-un-hombre-ocupado-y-preocupado-2","status":"publish","type":"post","link":"https:\/\/cebilbilitanos.com\/?p=126","title":{"rendered":"FAUSTINO SANCHO Y GIL (1850-1896). NOTAS PARA LA BIOGRAF\u00cdA DE UN HOMBRE OCUPADO Y PREOCUPADO"},"content":{"rendered":"<div class=\"MsoNormal\" style=\"text-align: justify;\"><span style=\"font-family: 'Times New Roman','serif'; font-size: 12.0pt; line-height: 115%; mso-ansi-language: ES;\">Francisco\u00a0Tobajas Gallego<\/span><\/div>\n<div class=\"MsoNormal\" style=\"text-align: justify;\"><span style=\"font-family: 'Times New Roman','serif'; font-size: 12.0pt; line-height: 115%; mso-ansi-language: ES;\">\u00a0<\/span><\/div>\n<div class=\"MsoNormal\" style=\"text-align: justify;\"><span style=\"font-family: 'Times New Roman','serif'; font-size: 12.0pt; line-height: 115%; mso-ansi-language: ES;\">\u00a0\u00a0\u00a0\u00a0\u00a0\u00a0\u00a0\u00a0\u00a0\u00a0\u00a0 El pasado 19 de diciembre se\u00a0present\u00f3 en la Sala Multiusos del Ayuntamiento de Calatayud, el \u00faltimo libro editado\u00a0por el Centro de Estudios Bilbilitanos, dedicado al orador, escritor y pol\u00edtico\u00a0Faustino Sancho y Gil, de Francisco Tobajas Gallego. El autor estuvo acompa\u00f1ado\u00a0por Pilar Trell, Concejala de Cultura del Excmo. Ayuntamiento de Calatayud, por\u00a0el presidente del Centro de Estudios Bilbilitanos, Manuel Micheto, y por el\u00a0biznieto de Faustino Sancho y Gil, Gonzalo Sancho Teus.<\/span><\/div>\n<div class=\"MsoNormal\" style=\"text-align: justify;\"><span style=\"font-family: 'Times New Roman','serif'; font-size: 12.0pt; line-height: 115%; mso-ansi-language: ES;\">\u00a0<\/span><\/div>\n<div class=\"separator\" style=\"clear: both; text-align: center;\"><a style=\"margin-left: 1em; margin-right: 1em;\" href=\"http:\/\/3.bp.blogspot.com\/-gd7ot-ErQns\/UybkCppj0EI\/AAAAAAAANCo\/4JXECubPjIU\/s1600\/DSC01293.JPG\"><img decoding=\"async\" loading=\"lazy\" src=\"http:\/\/3.bp.blogspot.com\/-gd7ot-ErQns\/UybkCppj0EI\/AAAAAAAANCo\/4JXECubPjIU\/s1600\/DSC01293.JPG\" alt=\"\" width=\"400\" height=\"300\" border=\"0\" \/><\/a><\/div>\n<div class=\"MsoNormal\" style=\"text-align: justify;\"><span style=\"font-family: 'Times New Roman','serif'; font-size: 12.0pt; line-height: 115%; mso-ansi-language: ES;\">\u00a0<\/span><\/div>\n<div class=\"MsoNormal\" style=\"text-align: justify;\"><span style=\"font-family: 'Times New Roman','serif'; font-size: 12.0pt; line-height: 115%; mso-ansi-language: ES;\">\u00a0<\/span><\/div>\n<div class=\"MsoNormal\" style=\"text-align: justify;\"><span style=\"font-family: 'Times New Roman','serif'; font-size: 12.0pt; line-height: 115%; mso-ansi-language: ES;\">\u00a0\u00a0\u00a0\u00a0\u00a0\u00a0\u00a0\u00a0\u00a0\u00a0\u00a0 El autor confes\u00f3 que este libro sedeb\u00eda casi todo a la casualidad y a la curiosidad. En el a\u00f1o 1989 alguien le\u00a0coment\u00f3 que en la ermita de San Roque, contigua al cementerio de Paracuellos de\u00a0la Ribera, yac\u00eda un poeta de la Generaci\u00f3n del 27. Y el d\u00eda de Todos los Santos\u00a0se encontr\u00f3, tras la puerta de esta ermita, con Baldomero Mediano y Ruiz\u00a0(1847-1893), poeta, escritor y periodista de la \u00e9poca de la Restauraci\u00f3n. En la\u00a0<i>Enciclopedia Tem\u00e1tica Aragonesa<\/i> hall\u00f3\u00a0un dato esclarecedor. Mediano hab\u00eda fundado en 1878 en Zaragoza la <i>Revista de Arag\u00f3n<\/i>, que pudo consultar en\u00a0la Biblioteca de la Facultad de Filosof\u00eda y Letras. En ella escrib\u00edan, entre\u00a0otros, Borao, Cavia, Matheu y Sancho y Gil\u2026 Tras una paciente investigaci\u00f3n en\u00a0la Hemeroteca de Zaragoza y en la Biblioteca Nacional de Madrid, pudo escribir\u00a0una comunicaci\u00f3n dedicada a este escritor desconocido para el VI Encuentro de\u00a0Estudios Bilbilitanos. <\/span><\/div>\n<div class=\"MsoNormal\" style=\"text-align: justify;\"><span style=\"font-family: 'Times New Roman','serif'; font-size: 12.0pt; line-height: 115%; mso-ansi-language: ES;\">\u00a0<\/span><\/div>\n<div class=\"MsoNormal\" style=\"text-align: justify;\"><span style=\"font-family: 'Times New Roman','serif'; font-size: 12.0pt; line-height: 115%; mso-ansi-language: ES;\">\u00a0\u00a0\u00a0\u00a0\u00a0\u00a0\u00a0\u00a0\u00a0\u00a0\u00a0 Pero una ma\u00f1ana de s\u00e1bado, de camino\u00a0a la panader\u00eda de Mor\u00e9s, el autor cruz\u00f3 por la calle de Faustino Sancho y Gil,\u00a0y entonces record\u00f3 que escrib\u00eda en la <i>Revista\u00a0de Arag\u00f3n<\/i>. Consult\u00f3 su voz en el ap\u00e9ndice de la <i>Gran Enciclopedia Aragonesa<\/i>, debida a Pedro Mont\u00f3n Puerto, y\u00a0comprob\u00f3 con sorpresa que Sancho y Gil hab\u00eda nacido en Mor\u00e9s, dato que\u00a0desconoc\u00eda. Gracias a algunas amistades, pudo investigar en el archivo que<br \/>\nguarda la casa familiar de los Sancho en Mor\u00e9s. Y all\u00ed encontr\u00f3 un verdadero\u00a0tesoro, que pronto le cautiv\u00f3. Cartas, recortes de peri\u00f3dicos, libros y\u00a0numerosos manuscritos de Faustino Sancho. La tarea fue dura, pero siempre\u00a0gratificante. En los semanarios bilbilitanos <i>La Comarca<\/i> y <i>La Verdad\u00a0<\/i>comenz\u00f3 a dar a conocer buena parte de sus descubrimientos. La b\u00fasqueda de\u00a0datos y de bibliograf\u00eda continu\u00f3 en la Hemeroteca y en la Biblioteca\u00a0Universitaria de Zaragoza, donde se guarda una interesante y abundante\u00a0bibliograf\u00eda del siglo XIX.<\/span><\/div>\n<div class=\"MsoNormal\" style=\"text-align: justify;\"><span style=\"font-family: 'Times New Roman','serif'; font-size: 12.0pt; line-height: 115%; mso-ansi-language: ES;\">\u00a0<\/span><\/div>\n<div class=\"MsoNormal\" style=\"text-align: justify;\"><span style=\"font-family: 'Times New Roman','serif'; font-size: 12.0pt; line-height: 115%; mso-ansi-language: ES;\">\u00a0\u00a0\u00a0\u00a0\u00a0\u00a0\u00a0\u00a0\u00a0\u00a0\u00a0 La misma casualidad y curiosidad le llev\u00f3\u00a0a indagar sobre mos\u00e9n Vicente Mart\u00ednez, cura p\u00e1rroco ilustrado de Inog\u00e9s y m\u00e1s\u00a0tarde can\u00f3nigo de Santa mar\u00eda de Calatayud, y del tambi\u00e9n can\u00f3nigo mos\u00e9n Mariano\u00a0Lozano, de Paracuellos, que trat\u00f3 en una comunicaci\u00f3n dedicada al c\u00e1\u00f1amo en\u00a0Calatayud para el VII Encuentro de Estudios Bilbilitanos. O sobre Fray Vicente\u00a0Calvo, un franciscano de Savi\u00f1\u00e1n, que march\u00f3 misionero al Per\u00fa.\u00a0<\/span><\/div>\n<div class=\"MsoNormal\" style=\"text-align: justify;\"><span style=\"font-family: 'Times New Roman','serif'; font-size: 12.0pt; line-height: 115%; mso-ansi-language: ES;\">\u00a0<\/span><\/div>\n<div class=\"MsoNormal\" style=\"text-align: justify;\"><span style=\"font-family: 'Times New Roman','serif'; font-size: 12.0pt; line-height: 115%; mso-ansi-language: ES;\">\u00a0\u00a0\u00a0\u00a0\u00a0\u00a0\u00a0\u00a0\u00a0\u00a0\u00a0 Pero Sancho y Gil era un personaje\u00a0de larga trayectoria. En 2013 se ven\u00eda a conmemorar el primer centenario de la\u00a0donaci\u00f3n de las Escuelas de Mor\u00e9s por Francisca Gil de la Riba, en memoria de\u00a0su hijo, Faustino Sancho. Para conmemorar este hecho, varios amigos de Mor\u00e9s le\u00a0invitaron a escribir un peque\u00f1o folleto, pero casi de inmediato se propuso\u00a0poner en limpio todos sus conocimientos sobre este personaje, trabajo que le\u00a0llevo m\u00e1s de un a\u00f1o, despu\u00e9s de largos a\u00f1os de b\u00fasquedas y lecturas.\u00a0Preguntando por Sancho y Gil el autor ha llegado al Congreso de los Diputados,\u00a0a la Biblioteca Nacional de Madrid, a las Academias de la Lengua, de la\u00a0Historia y Matritente de Legislaci\u00f3n y Jurisprudencia, a la Hemeroteca\u00a0Municipal madrile\u00f1a, al Archivo Hist\u00f3rico Nacional y hasta al Museo Biblioteca\u00a0V\u00edctor Balaguer, de Vilanova y la Geltr\u00fa, donde se conservan cincuenta cartas\u00a0de Sancho y Gil.<\/span><\/div>\n<div class=\"MsoNormal\" style=\"text-align: justify;\"><span style=\"font-family: 'Times New Roman','serif'; font-size: 12.0pt; line-height: 115%; mso-ansi-language: ES;\">\u00a0<\/span><\/div>\n<div class=\"MsoNormal\" style=\"text-align: justify;\"><span style=\"font-family: 'Times New Roman','serif'; font-size: 12.0pt; line-height: 115%; mso-ansi-language: ES;\">\u00a0\u00a0\u00a0\u00a0\u00a0\u00a0\u00a0\u00a0\u00a0\u00a0\u00a0 Despu\u00e9s de seguirle muchos a\u00f1os la\u00a0pista a Faustino Sancho, que tiene calle en Zaragoza, Calatayud y Mor\u00e9s, al\u00a0autor ha llegado a la conclusi\u00f3n que se trata de un hombre ocupado y\u00a0preocupado. Sancho y Gil, despu\u00e9s de estudiar en Madrid, Derecho y Filosof\u00eda y\u00a0Letras, y opositar a la c\u00e1tedra de Historia de Espa\u00f1a de la Universidad\u00a0Central, regres\u00f3 a Zaragoza a finales de 1877 o principios de 1878, tomando\u00a0parte activa de la entonces vida cultural zaragozana. Sancho y Gil perteneci\u00f3 a\u00a0todas las sociedades zaragozanas de su tiempo, siempre en primera fila, siempre\u00a0generoso con su tiempo, con su dinero y con su saber, pues \u00abninguna empresa lo\u00a0hall\u00f3 vencido\u00bb, como dec\u00eda Moneva y Puyol. Desde muy joven particip\u00f3 en la vida\u00a0pol\u00edtica, defendiendo sus ideas republicanas y cat\u00f3licas, siendo elegido\u00a0diputado provincial en varias elecciones y en 1893 result\u00f3 elegido diputado a\u00a0Cortes por Tarazona. Siempre ser\u00e1 recordada su labor durante la epidemia de\u00a0c\u00f3lera de 1885 y su impulso a la Biblioteca de Autores Aragoneses. Contrajo\u00a0matrimonio con Mar\u00eda Dolores Mu\u00f1oz y Manzano, hija del conde de la Vi\u00f1aza. Fue\u00a0padre de seis hijos, tres de ellos murieron a corta edad.<\/span><\/div>\n<div class=\"MsoNormal\" style=\"text-align: justify;\"><span style=\"font-family: 'Times New Roman','serif'; font-size: 12.0pt; line-height: 115%; mso-ansi-language: ES;\">\u00a0<\/span><\/div>\n<div class=\"MsoNormal\" style=\"text-align: justify;\"><span style=\"font-family: 'Times New Roman','serif'; font-size: 12.0pt; line-height: 115%; mso-ansi-language: ES;\">\u00a0\u00a0\u00a0\u00a0\u00a0\u00a0\u00a0\u00a0\u00a0\u00a0\u00a0 Sancho y Gil gust\u00f3 m\u00e1s de las letras\u00a0que de las leyes. Desde muy joven colabor\u00f3 en revistas y peri\u00f3dicos. Escribi\u00f3\u00a0infinidad de art\u00edculos en la prensa democr\u00e1tica zaragozana, sobre todo en <i>La Derecha<\/i>, algunos estudios cr\u00edticos y\u00a0biogr\u00e1ficos, pr\u00f3logos y varios trabajos de investigaci\u00f3n, que resultaron\u00a0premiados por la Sociedad Colombina Onubense, la Academia de la Historia y la\u00a0Academia Venezolana de la Lengua.<\/span><\/div>\n<div class=\"MsoNormal\" style=\"text-align: justify;\"><span style=\"font-family: 'Times New Roman','serif'; font-size: 12.0pt; line-height: 115%; mso-ansi-language: ES;\">\u00a0<\/span><\/div>\n<div class=\"MsoNormal\" style=\"text-align: justify;\"><span style=\"font-family: 'Times New Roman','serif'; font-size: 12.0pt; line-height: 115%; mso-ansi-language: ES;\">\u00a0\u00a0\u00a0\u00a0\u00a0\u00a0\u00a0\u00a0\u00a0\u00a0\u00a0 Moneva y Puyol, que lo trat\u00f3 en sus\u00a0\u00faltimos a\u00f1os, escrib\u00eda que Sancho y Gil \u00abconoci\u00f3 desde muy joven cu\u00e1l era su\u00a0misi\u00f3n social y la abraz\u00f3 con entusiasmo y la practic\u00f3 sin intermisi\u00f3n\u00bb. Por su\u00a0desahogada situaci\u00f3n econ\u00f3mica pudo dedicarse a otros asuntos, y \u00abconsagr\u00f3 a\u00a0pro de los dem\u00e1s su actividad entera. Vivi\u00f3 para las letras, para su patria,\u00a0para su familia, para sus amigos, para sus enemigos tambi\u00e9n, pues en verdad los\u00a0<\/span><span style=\"font-family: 'Times New Roman','serif'; font-size: 12.0pt; line-height: 115%; mso-ansi-language: ES;\">tuvo, bajo la forma en que siempre los tiene quien hace favor a muchos: bajo la\u00a0forma de la ingratitud\u00bb. Y continuaba. Sancho y Gil \u00absolamente practic\u00f3 el\u00a0disimulo para hacer el bien: y, tocando a favorecer, no quiso ver amigos ni\u00a0adversarios, ni entre ingratos y adictos distingui\u00f3 nunca; mir\u00f3 solo la\u00a0necesidad de cada cual y, seg\u00fan ella, le hizo bien\u00bb. En todos sus trabajos y\u00a0\u00abhasta en la conversaci\u00f3n vulgar y corriente, su lenguaje era, sin quererlo,\u00a0pura oratoria, rellena de una erudici\u00f3n f\u00e1cil y fluida que cautivaba la\u00a0atenci\u00f3n y embargaba el alma\u00bb. Calatayud y Zaragoza le deb\u00edan la iniciativa de\u00a0sus Juegos florales. Su inesperada muerte ech\u00f3 por tierra todos sus proyectos\u00a0para renovar el Ateneo y fundar una revista cultural, priv\u00e1ndonos de sus\u00a0mejores obras de madurez. Ya no pudo asistir a los Juegos florales de\u00a0Calatayud, para los que hab\u00eda escrito dos discursos, y tampoco pudo hacerse\u00a0cargo de la Presidencia del Ateneo, que desapareci\u00f3 a su muerte. El nuevo\u00a0Ateneo de Zaragoza, fundado dos a\u00f1os m\u00e1s tarde, le tribut\u00f3 un merecido homenaje\u00a0el 1 de diciembre de 1898. En \u00e9l particip\u00f3, en representaci\u00f3n de Mor\u00e9s, Ignacio\u00a0Jim\u00e9nez, que hab\u00eda estudiado con Sancho y Gil. \u00c9l nos dice que a su muerte, el\u00a0Ayuntamiento de Mor\u00e9s dio su nombre a la calle donde se levantaba la casa\u00a0familiar, coloc\u00e1ndose su retrato en el Sal\u00f3n del Concejo Municipal, ambos\u00a0acuerdos tomados por unanimidad. Jim\u00e9nez ped\u00eda que los restos de Sancho y Gil\u00a0fueran trasladados desde \u00c9pila a Mor\u00e9s, hecho que tuvo lugar el 15 de noviembre\u00a0de 1911. Dos a\u00f1os m\u00e1s tarde, otro 15 de noviembre de 1913, se inaugurar\u00e1n las\u00a0nuevas escuelas de Mor\u00e9s. Se trataba de un edificio de dos plantas, con casa\u00a0para los maestros y un peque\u00f1o patio enrejado, que sirviera de recreo.\u00a0Francisca Gil tambi\u00e9n don\u00f3 entonces un completo material de ense\u00f1anza. El Ayuntamiento,\u00a0en gratitud con el desprendido gesto de la donante, vot\u00f3 por unanimidad dar su\u00a0nombre a una de las principales calles de Mor\u00e9s, que todav\u00eda permanece. El\u00a0Casino Independiente de Mor\u00e9s entreg\u00f3 a la fundadora un pergamino, firmado por\u00a0todos sus socios, en donde se expresaba la gratitud del vecindario por esta\u00a0donaci\u00f3n. No falt\u00f3 a este acto el rector de la Universidad de Zaragoza, Jim\u00e9nez\u00a0Soler, el delegado de Primera Ense\u00f1anza, Gasc\u00f3n y Mar\u00edn, varios catedr\u00e1ticos,\u00a0una inspectora de escuelas, otras destacadas autoridades y la banda de M\u00fasica\u00a0de Calatayud. Tampoco se ech\u00f3 en falta en banquete para todas las autoridades,\u00a0y los versos, a cargo de Paquita Garc\u00eda Estrada. Tras la muerte en 1894 de su\u00a0t\u00edo, Manuel Sancho y Gasc\u00f3n, que hab\u00eda casado en segundas nupcias con su madre Francisca\u00a0Gil, Faustino Sancho escribir\u00e1 al obispo de Tarazona sobre la ermita de San\u00a0Antonio, que se obligaba a repararla para que sirviese de pante\u00f3n familiar. En\u00a0este a\u00f1o de 1895, Francisca Gil ced\u00eda a favor del obispo de Tarazona una casa\u00a0para que sirviera de casa rectoral de Mor\u00e9s. Tambi\u00e9n don\u00f3 a la parroquia varias\u00a0tallas de madera policromada. <\/span><\/div>\n<div class=\"MsoNormal\" style=\"text-align: justify;\"><span style=\"font-family: 'Times New Roman','serif'; font-size: 12.0pt; line-height: 115%; mso-ansi-language: ES;\">\u00a0<\/span><\/div>\n<div class=\"MsoNormal\" style=\"text-align: justify;\"><span style=\"font-family: 'Times New Roman','serif'; font-size: 12.0pt; line-height: 115%; mso-ansi-language: ES;\">\u00a0\u00a0\u00a0\u00a0\u00a0\u00a0\u00a0\u00a0\u00a0\u00a0\u00a0 Tras el acto de presentaci\u00f3n, se\u00a0pudo ver un DVD con fotograf\u00edas de la familia Sancho y Gil, de maestros y\u00a0escolares de las Escuelas de Mor\u00e9s, que ha sido realizado para la ocasi\u00f3n por\u00a0la Asociaci\u00f3n Cultural de Mor\u00e9s, con Ester Serrano a la cabeza. Pilar Trell\u00a0anunci\u00f3 en la clausura de este acto, que este DVD va a ser editado pr\u00f3ximamente\u00a0por la Comarca Comunidad de Calatayud, para ponerlo a disposici\u00f3n de los\u00a0vecinos de Mor\u00e9s.<\/span><\/div>\n<div class=\"MsoNormal\" style=\"text-align: justify;\"><\/div>\n<div class=\"MsoNormal\" style=\"text-align: justify;\"><span style=\"font-family: 'Times New Roman','serif'; font-size: 12.0pt; line-height: 115%; mso-ansi-language: ES;\">\u00a0\u00a0\u00a0\u00a0\u00a0\u00a0\u00a0\u00a0\u00a0\u00a0\u00a0 El pasado 4 de enero se celebr\u00f3 en\u00a0la parroquial de Mor\u00e9s una misa en sufragio de los donantes de las Escuelas de\u00a0Mor\u00e9s, maestros y escolares. Florentino Nonay, p\u00e1rroco de Mor\u00e9s, tuvo frases de\u00a0elogio para la familia Sancho, que tanto hab\u00eda hecho por su pueblo, y trasmiti\u00f3 a la familia la gratitud sincera de toda la comunidad parroquial de Mor\u00e9s. Y\u00a0seguidamente se present\u00f3 el libro sobre Faustino Sancho y Gil en el Sal\u00f3n de<br \/>\nPlenos del Excmo. Ayuntamiento de Mor\u00e9s. Tambi\u00e9n se vision\u00f3 de nuevo el DVD de\u00a0fotograf\u00edas. Ester Serrano, que present\u00f3 este acto, agradeci\u00f3 el apoyo de la\u00a0Comarca Comunidad de Calatayud y del alcalde de Savi\u00f1\u00e1n, Ignacio Marcuello, y anunci\u00f3\u00a0dos pr\u00f3ximos proyectos de la Asociaci\u00f3n Cultural de Mor\u00e9s, la edici\u00f3n de la\u00a0Historia de Mor\u00e9s, debida a Jos\u00e9 Mar\u00eda Real, y de otro DVD con la historia\u00a0gr\u00e1fica de la villa. Por su parte, Gonzalo Sancho Teus mostr\u00f3 su extra\u00f1eza,\u00a0porque ning\u00fan representante del Ayuntamiento de Mor\u00e9s hab\u00eda acudido a este acto, aunque hab\u00edan recibido la correspondiente invitaci\u00f3n de parte de la Asociaci\u00f3n\u00a0Cultural de Mor\u00e9s.<\/span><\/div>\n","protected":false},"excerpt":{"rendered":"<p>Francisco\u00a0Tobajas Gallego \u00a0 \u00a0\u00a0\u00a0\u00a0\u00a0\u00a0\u00a0\u00a0\u00a0\u00a0\u00a0 El pasado 19 de diciembre se\u00a0present\u00f3 en la Sala Multiusos del Ayuntamiento de Calatayud, el \u00faltimo libro editado\u00a0por el Centro de Estudios Bilbilitanos, dedicado al orador, escritor y pol\u00edtico\u00a0Faustino Sancho y Gil, de Francisco Tobajas Gallego. &hellip; <a href=\"https:\/\/cebilbilitanos.com\/?p=126\">Sigue leyendo <span class=\"meta-nav\">&rarr;<\/span><\/a><\/p>\n","protected":false},"author":1,"featured_media":0,"comment_status":"open","ping_status":"open","sticky":false,"template":"","format":"standard","meta":[],"categories":[23],"tags":[6,26,17,10,11],"_links":{"self":[{"href":"https:\/\/cebilbilitanos.com\/index.php?rest_route=\/wp\/v2\/posts\/126"}],"collection":[{"href":"https:\/\/cebilbilitanos.com\/index.php?rest_route=\/wp\/v2\/posts"}],"about":[{"href":"https:\/\/cebilbilitanos.com\/index.php?rest_route=\/wp\/v2\/types\/post"}],"author":[{"embeddable":true,"href":"https:\/\/cebilbilitanos.com\/index.php?rest_route=\/wp\/v2\/users\/1"}],"replies":[{"embeddable":true,"href":"https:\/\/cebilbilitanos.com\/index.php?rest_route=%2Fwp%2Fv2%2Fcomments&post=126"}],"version-history":[{"count":1,"href":"https:\/\/cebilbilitanos.com\/index.php?rest_route=\/wp\/v2\/posts\/126\/revisions"}],"predecessor-version":[{"id":127,"href":"https:\/\/cebilbilitanos.com\/index.php?rest_route=\/wp\/v2\/posts\/126\/revisions\/127"}],"wp:attachment":[{"href":"https:\/\/cebilbilitanos.com\/index.php?rest_route=%2Fwp%2Fv2%2Fmedia&parent=126"}],"wp:term":[{"taxonomy":"category","embeddable":true,"href":"https:\/\/cebilbilitanos.com\/index.php?rest_route=%2Fwp%2Fv2%2Fcategories&post=126"},{"taxonomy":"post_tag","embeddable":true,"href":"https:\/\/cebilbilitanos.com\/index.php?rest_route=%2Fwp%2Fv2%2Ftags&post=126"}],"curies":[{"name":"wp","href":"https:\/\/api.w.org\/{rel}","templated":true}]}}