{"id":1259,"date":"2016-11-14T18:57:44","date_gmt":"2016-11-14T18:57:44","guid":{"rendered":"http:\/\/cebilbilitanos.com\/?p=1259"},"modified":"2016-11-14T19:25:00","modified_gmt":"2016-11-14T19:25:00","slug":"homenaje-a-agustin-sanmiguel","status":"publish","type":"post","link":"https:\/\/cebilbilitanos.com\/?p=1259","title":{"rendered":"HOMENAJE A AGUST\u00cdN SANMIGUEL"},"content":{"rendered":"<p><strong>CELEBRACI\u00d3N DE LAS JORNADAS OBRE <em>MUD\u00c9JAR ARTE Y SOCIEDAD. HOMENAJE A AGUST\u00cdN SANMIGUEL<\/em><\/strong>.<\/p>\n<p>Como estaba previsto, los d\u00edas 4 y 5 de noviembre, se celebraron las jornadas sobre <em>Mud\u00e9jar, Arte y Sociedad: Pasado, Presente y Futuro. Homenaje a Agust\u00edn Sanmiguel<\/em>.<\/p>\n<p>Las intervenciones de los ponentes y las visitas se desarrollaron conforme al programa previsto. El Centro de Estudios Bilbilitanos entreg\u00f3 a Ana Isabel P\u00e9triz la insignia de oro de este Centro, por decisi\u00f3n un\u00e1nime de todos los miembros de su Comisi\u00f3n Permanente. Con este sencillo acto, el CEB ha querido rendir un homenaje a la figura de Agust\u00edn Sanmiguel Mateo, mudejarista y defensor del patrimonio cultural de Calatayud y comarca.<\/p>\n<p><img decoding=\"async\" loading=\"lazy\" class=\"aligncenter size-full wp-image-1261\" src=\"http:\/\/cebilbilitanos.com\/wp-content\/uploads\/2016\/11\/Carlos-Moncin0003.jpg\" alt=\"Carlos Moncin0003\" width=\"567\" height=\"378\" srcset=\"https:\/\/cebilbilitanos.com\/wp-content\/uploads\/2016\/11\/Carlos-Moncin0003.jpg 567w, https:\/\/cebilbilitanos.com\/wp-content\/uploads\/2016\/11\/Carlos-Moncin0003-300x200.jpg 300w\" sizes=\"(max-width: 567px) 100vw, 567px\" \/><\/p>\n<p>Agust\u00edn Sanmiguel (1946-2009), bilbilitano o como \u00e9l mismo dir\u00eda, calatayub\u00ed, enamorado de su ciudad y su tierra, se licenci\u00f3 en Ciencias Biol\u00f3gicas en la Universidad Complutense de Madrid. Fue profesor de ense\u00f1anzas medias en Teruel, Jaca y, finalmente, en Calatayud, desde el a\u00f1o 1979 hasta su fallecimiento en\u00a0 2009.<\/p>\n<p>Durante su estancia en <strong>Teruel<\/strong>, form\u00f3 parte de la llamada <em>generaci\u00f3n paulina<\/em>, con intelectuales como Eloy Fern\u00e1ndez Clemente o Jos\u00e9 Antonio Labordeta, entre otros muchos. En este sentido, hay que destacar las\u00a0 intensas y continuas relaciones que mantuvo con intelectuales, historiadores, especialistas en arte y arquitectos de la cultura aragonesa y tambi\u00e9n espa\u00f1ola, que cuajaron casi siempre en amistades duraderas. Estas relaciones permitieron que en las actividades organizadas por el Centro de Estudios Bilbilitanos participasen siempre los mejores especialistas de cada campo.<\/p>\n<p>Ya durante sus a\u00f1os de estancia como profesor en <strong>Jaca<\/strong>, realiz\u00f3 varias colecciones de dibujos, que anticipan su posterior obra gr\u00e1fica y su metodolog\u00eda de trabajo en la Comunidad de Calatayud. La m\u00e1s significativa fue <strong>Arte medieval en el Viejo Arag\u00f3n <em>(1979)<\/em><\/strong>, editado por el Centro de Iniciativa y Turismo de Jaca y Amigos del Serrablo,\u00a0 que recopila una serie de l\u00e1minas que ubican en mapas las localidades, iglesias y otros monumentos del Alto Arag\u00f3n.<\/p>\n<p>El legado de Agust\u00edn Sanmiguel puede quedar definido en seis grandes apartados:<\/p>\n<ol>\n<li>Su labor como presidente del Centro de Estudios bilbilitanos.<\/li>\n<li>Investigador y autor de publicaciones.<\/li>\n<li>Fot\u00f3grafo.<\/li>\n<li>Dibujante.<\/li>\n<li>Defensor del patrimonio.<\/li>\n<li>Divulgador cultural.<\/li>\n<\/ol>\n<ol>\n<li><strong>PRESIDENTE DEL CENTRO DE ESTUDIOS BILBILITANOS<\/strong><\/li>\n<\/ol>\n<p>Desde el a\u00f1o 1987 fue presidente del Centro de Estudios Bilbilitanos. Su llegada supuso una reorientaci\u00f3n decidida de la actividad del centro hacia la investigaci\u00f3n y la defensa de la cultura comarcal. Sobre todo, se intensificaron las publicaciones y los congresos: baste decir que en los m\u00e1s de treinta a\u00f1os de existencia del CEB hasta su llegada a la presidencia, s\u00f3lo se hab\u00edan publicado veintisiete libros, mientras que en los veintid\u00f3s a\u00f1os que estuvo Agust\u00edn al frente del CEB se presentaron\u00a0 setenta y cinco publicaciones y se activaron los encuentros, jornadas y simposios sobre diferentes aspectos de la cultura comarcal.<\/p>\n<p>Sin duda alguna, los Encuentros de Estudios Bilbilitanos fueron el estandarte de esta nueva etapa. En este sentido, el CEB est\u00e1 intensificando la investigaci\u00f3n, difusi\u00f3n y defensa del patrimonio comarcal que Agust\u00edn\u00a0 inici\u00f3 y promovi\u00f3.<\/p>\n<ol start=\"2\">\n<li><strong> INVESTIGADOR Y AUTOR DE PUBLICACIONES.<\/strong><\/li>\n<\/ol>\n<p>Agust\u00edn Sanmiguel es autor de numerosas publicaciones: monograf\u00edas, colaboraciones en obras colectivas, encuentros\u00a0 y revistas.<\/p>\n<p>Escribi\u00f3 tres libros de texto: <em>Ciencias naturales 1\u00ba de BUP<\/em>, <em>Ciencias Naturales 3\u00ba de BUP<\/em> y <em>Nuestro cuerpo<\/em>, aunque enseguida su curiosidad intelectual le llev\u00f3 hacia el terreno del arte.<\/p>\n<p>Agust\u00edn Sanmiguel fue un enamorado del mud\u00e9jar y public\u00f3 interesantes y numerosos trabajos relacionados con este arte:<\/p>\n<ul>\n<li><strong>Torres de ascendencia isl\u00e1micas en las comarcas de Calatayud y Daroca\u00a0<\/strong><\/li>\n<li><strong>Arte mud\u00e9jar en la ciudad de Calatayud<\/strong><\/li>\n<li><strong>Iglesia de San Pedro M\u00e1rtir.\u00a0 Calatayud 1368-1856<\/strong>, que\u00a0 recopila en forma facs\u00edmil casi todo lo escrito sobre esta singular iglesia.<\/li>\n<\/ul>\n<p>Present\u00f3 numerosas comunicaciones a los Encuentros de Estudios Bilbilitanos, de los que fue su principal valedor. Tambi\u00e9n particip\u00f3 con sus comunicaciones, siempre acompa\u00f1ado de Ana Isabel P\u00e9triz, con la que form\u00f3 un t\u00e1ndem inseparable, en\u00a0 los Simposios Internacionales de Mudejarismo,\u00a0 en las Jornadas de Estudio VI Centenario del Papa Luna, en la Jornada conmemorativa del VI Centenario de Juan Fern\u00e1ndez de Heredia, en las Primeras Jornadas sobre Recuperaci\u00f3n del Patrimonio en la Comarca de Calatayud, en el Congreso dedicado a la Ciudad Isl\u00e1mica, en los Coloquios de Arte Aragon\u00e9s, en el Simposio Internacional \u00abEl Cid en el Valle del jal\u00f3n\u00bb, las Jornadas de la Orden del Santo Sepulcro y otras m\u00e1s.<\/p>\n<p>Entre otras, public\u00f3 en las revistas Turiaso, Sharq Al-Andalus, Pen\u00ednsula, Jano, Tr\u00e9bede, Arag\u00f3n rutas, Arag\u00f3n-SIPA y Jacetania. Presid\u00eda igualmente la asociaci\u00f3n Al-Andalus As Samali. Tambi\u00e9n colabor\u00f3 en publicaciones colectivas, como <em>Cascos hist\u00f3ricos aragoneses<\/em> o\u00a0 <em>Comarca de la Comunidad de Calatayud<\/em>.<\/p>\n<ol start=\"3\">\n<li><strong>FOT\u00d3GRAFO<\/strong><\/li>\n<\/ol>\n<p>La fotograf\u00eda de Agust\u00edn Sanmiguel, aunque esencialmente documental, transmite los sentimientos del autor hacia su ciudad, el paisaje del entorno y sus gentes, as\u00ed como una est\u00e9tica basada en la sencillez y el instante preciso de luz buscado por el autor.<\/p>\n<ul>\n<li><strong>Calatayud, aljez y luz<em>.<\/em> <\/strong>Calatayud es el motivo m\u00e1s habitual en sus trabajos. En este libro aparecen paisajes de Armantes y Valdehur\u00f3n, atardeceres, los barrios altos de la ciudad, monumentos emblem\u00e1ticos y fiestas populares.<\/li>\n<li><strong>As\u00ed lo he visto <\/strong>refleja las im\u00e1genes desaparecidas de un Calatayud transformado en las \u00faltimas d\u00e9cadas.<\/li>\n<li><strong>Calatayud. El conjunto fortificado isl\u00e1mico y su entorno<\/strong> es una obra p\u00f3stuma. En estos momentos es la publicaci\u00f3n m\u00e1s solicitada en el CEB.<\/li>\n<\/ul>\n<p>Tambi\u00e9n colabor\u00f3 en dos obras colectivas:<\/p>\n<ul>\n<li><strong>Ecos de la vieja Roma<\/strong>, sobre la figura de Marcial.<\/li>\n<li><strong>De Belmonte de Calatayud al Calatayud de Graci\u00e1n<\/strong>.<\/li>\n<\/ul>\n<p><img decoding=\"async\" loading=\"lazy\" class=\"aligncenter size-full wp-image-1260\" src=\"http:\/\/cebilbilitanos.com\/wp-content\/uploads\/2016\/11\/Carlos-Moncin0005.jpg\" alt=\"Carlos Moncin0005\" width=\"567\" height=\"378\" srcset=\"https:\/\/cebilbilitanos.com\/wp-content\/uploads\/2016\/11\/Carlos-Moncin0005.jpg 567w, https:\/\/cebilbilitanos.com\/wp-content\/uploads\/2016\/11\/Carlos-Moncin0005-300x200.jpg 300w\" sizes=\"(max-width: 567px) 100vw, 567px\" \/><\/p>\n<ol start=\"4\">\n<li><strong>DIBUJANTE<\/strong><\/li>\n<\/ol>\n<p>Su producci\u00f3n como dibujante adquiere un marcado car\u00e1cter did\u00e1ctico y divulgativo, con una necesidad de organizar espacial y temporalmente todos los contenidos de sus investigaciones y pasarlos por el filtro de sus hip\u00f3tesis.<\/p>\n<p>El Centro de Estudios Bilbilitanos ha publicados dos colecciones de l\u00e1minas de Agust\u00edn Sanmiguel:<\/p>\n<ul>\n<li><strong>Arte mud\u00e9jar en la Comunidad de Calatayud <em>(1982).<\/em><\/strong><\/li>\n<li><strong>Calatayud mud\u00e9jar <em>(1989).<\/em><\/strong><\/li>\n<\/ul>\n<p>En palabras de Francisco Mart\u00edn Casadelrrey:<\/p>\n<p>\u00abComo dibujante, su estilo, muy personal, es una mezcla de rigor e imaginaci\u00f3n. Esta mezcla le permite suponer, con una base rigurosa, c\u00f3mo era un edificio desaparecido o cu\u00e1l era el aspecto de Calatayud en el siglo XV. Cuando el \u00e1mbito de lo conocido se agota, no duda en reflejar en sus dibujos sus propias hip\u00f3tesis, realizando as\u00ed una especia de <em>restauraci\u00f3n<\/em>, que hoy llamar\u00edamos <em>virtual<\/em>, del edificio que dibuja. Para completar ese estilo tan personal, nunca falta un toque ingenuo, casi <em>na\u00eff<\/em>: un personaje sentado en el suelo, a la sombra, cerca de una puerta de entrada a la ciudad, un pastor con sus ovejas pastando, un comerciante subido en su burro con las alforjas llenas, dos monjes paseando por un claustro &#8230; humanizando as\u00ed lo que dibuja\u00bb.<\/p>\n<p>Y es que textos, fotograf\u00edas y dibujos van indisolublemente unidos en toda la obra de Agust\u00edn Sanmiguel.<\/p>\n<ol start=\"5\">\n<li><strong> DEFENSOR DEL PATRIMONIO<\/strong><\/li>\n<\/ol>\n<p>Queremos destacar muy especialmente su defensa p\u00fablica en la conservaci\u00f3n de edificios en peligro de desaparici\u00f3n, actitud valiente que le ocasion\u00f3 numerosos disgustos y enfrentamientos,\u00a0 que no le arredraron para seguir adelante, y tambi\u00e9n, por supuesto, satisfacciones. Este compromiso social fue la causa de que fuera designado miembro de la Comisi\u00f3n Provincial de Patrimonio.<\/p>\n<p>Agust\u00edn fue un apasionado defensor de un patrimonio que, en muchas ocasiones, las autoridades no proteg\u00edan ni gestionaban correctamente. Muchas de sus aportaciones mantienen su plena vigencia. Podemos se\u00f1alar algunas de sus reivindicaciones m\u00e1s significativas, aunque hubo muchas m\u00e1s:<\/p>\n<ul>\n<li>Protecci\u00f3n del Calatayud subterr\u00e1neo.<\/li>\n<li>Colaboraci\u00f3n en el Plan especial de reforma interior del casco antiguo de Calatayud (PERI).<\/li>\n<li>Informe sobre obras en el conjunto fortificado de Calatayud.<\/li>\n<li>Informe sobre plazas del casco hist\u00f3rico de Calatayud.<\/li>\n<li>Informe sobre un alfarje y cueva en edificio antiguo de Calatayud.<\/li>\n<li>Informes sobre el Palacio Pujadas, Puerta de Terrer y Monasterio de San Benito.<\/li>\n<\/ul>\n<p>Precisamente el pr\u00f3ximo a\u00f1o se cumple el Cincuenta Aniversario de la Declaraci\u00f3n de Calatayud como Conjunto Hist\u00f3rico Art\u00edstico y sin ninguna duda nos veremos obligados a revisar sus informes.<\/p>\n<ol start=\"6\">\n<li><strong> DIVULGADOR CULTURAL<\/strong><\/li>\n<\/ol>\n<p>Agust\u00edn escribi\u00f3 en programas de fiestas y particip\u00f3 activamente en los medios de comunicaci\u00f3n, prensa y radio locales. Fue un prol\u00edfico autor de folletos dise\u00f1ados para el desarrollo tur\u00edstico de Calatayud y su comarca, generalmente encargados por el ayuntamiento de la ciudad, la Comunidad de Calatayud o por asociaciones culturales y vecinales.<\/p>\n<p>Adem\u00e1s, recogi\u00f3 en tr\u00edpticos muy elaborados una valiosa informaci\u00f3n que ha servido para recuperar tradiciones y datos hist\u00f3ricos que hab\u00edan sido olvidados. Podemos se\u00f1alar, como ejemplo, algunos de ellos:<\/p>\n<ul>\n<li><strong>Procesi\u00f3n del Santo Entierro<\/strong>: el cartel que dise\u00f1\u00f3 sigue siendo imprescindible para visualizar el itinerario de la procesi\u00f3n.<\/li>\n<li><strong>Calles y plazas del casco antiguo de Calatayud<\/strong>: indispensable para conocer el nombre tradicional de las calles y plazas de la ciudad.<\/li>\n<\/ul>\n<p>Sobre Calatayud:<\/p>\n<ul>\n<li><strong>Iglesia de San Pedro de los Francos.<\/strong><\/li>\n<li><strong>Musulmanes, jud\u00edos y cristianos en el Calatayud medieval:<\/strong> s\u00edntesis de la presencia de las tres culturas en la ciudad.<\/li>\n<li><strong>Plano-gu\u00eda de la ciudad de Calatayud<\/strong>, que incluye el recinto fortificado, los edificios religiosos y civiles y otros lugares de inter\u00e9s.<\/li>\n<li><strong>Calatayud. conjunto fortificado isl\u00e1mico. Siglo IX<\/strong>, con una descripci\u00f3n de todos sus elementos. Sobre el mismo tema, edit\u00f3 tambi\u00e9n a trav\u00e9s de la <em>Sociedad de Estudios Hispano-\u00c1rabes Al-Andalus As-Samali<\/em> una colecci\u00f3n de fotograf\u00edas.<\/li>\n<\/ul>\n<p>Sobre la Comarca Comunidad de Calatayud:<\/p>\n<ul>\n<li><strong> Castillos. Mancomunidad Tur\u00edstica Tierras y Valles de Calatayud.<\/strong><\/li>\n<li><strong>Arte Mud\u00e9jar. Comarca de la Comunidad de Calatayud.<\/strong><\/li>\n<li><strong>La huella del Islam en la Comarca de Calatayud:<\/strong> resumen de castillos, torres-alminares, iglesias mud\u00e9jares, torres tard\u00edas, yeser\u00edas barroco-mud\u00e9jares y arquitectura popular en la Comunidad de Calatayud.<\/li>\n<\/ul>\n<p>En definitiva, reivindicamos la vigencia de Agust\u00edn Sanmiguel Mateo y de su legado, particularmente su ejemplo de entrega a la defensa y difusi\u00f3n del patrimonio cultural.<\/p>\n<p>Agust\u00edn recibi\u00f3 a t\u00edtulo p\u00f3stumo la medalla de oro de la Diputaci\u00f3n de Zaragoza en 2011. Aunque con retraso, el Centro de Estudios Bilbilitanos, aprovechando este homenaje, quiso entregarle su insignia de oro, a trav\u00e9s de Ana Isabel P\u00e9triz, su esposa y compa\u00f1era a lo largo de toda sus trayectoria vital, porque queremos mantener a trav\u00e9s de ella el v\u00ednculo con una persona que lo dio todo por la cultura de su ciudad.<\/p>\n","protected":false},"excerpt":{"rendered":"<p>CELEBRACI\u00d3N DE LAS JORNADAS OBRE MUD\u00c9JAR ARTE Y SOCIEDAD. HOMENAJE A AGUST\u00cdN SANMIGUEL. Como estaba previsto, los d\u00edas 4 y 5 de noviembre, se celebraron las jornadas sobre Mud\u00e9jar, Arte y Sociedad: Pasado, Presente y Futuro. Homenaje a Agust\u00edn Sanmiguel. &hellip; <a href=\"https:\/\/cebilbilitanos.com\/?p=1259\">Sigue leyendo <span class=\"meta-nav\">&rarr;<\/span><\/a><\/p>\n","protected":false},"author":1,"featured_media":0,"comment_status":"open","ping_status":"open","sticky":false,"template":"","format":"standard","meta":[],"categories":[28,23],"tags":[12],"_links":{"self":[{"href":"https:\/\/cebilbilitanos.com\/index.php?rest_route=\/wp\/v2\/posts\/1259"}],"collection":[{"href":"https:\/\/cebilbilitanos.com\/index.php?rest_route=\/wp\/v2\/posts"}],"about":[{"href":"https:\/\/cebilbilitanos.com\/index.php?rest_route=\/wp\/v2\/types\/post"}],"author":[{"embeddable":true,"href":"https:\/\/cebilbilitanos.com\/index.php?rest_route=\/wp\/v2\/users\/1"}],"replies":[{"embeddable":true,"href":"https:\/\/cebilbilitanos.com\/index.php?rest_route=%2Fwp%2Fv2%2Fcomments&post=1259"}],"version-history":[{"count":1,"href":"https:\/\/cebilbilitanos.com\/index.php?rest_route=\/wp\/v2\/posts\/1259\/revisions"}],"predecessor-version":[{"id":1262,"href":"https:\/\/cebilbilitanos.com\/index.php?rest_route=\/wp\/v2\/posts\/1259\/revisions\/1262"}],"wp:attachment":[{"href":"https:\/\/cebilbilitanos.com\/index.php?rest_route=%2Fwp%2Fv2%2Fmedia&parent=1259"}],"wp:term":[{"taxonomy":"category","embeddable":true,"href":"https:\/\/cebilbilitanos.com\/index.php?rest_route=%2Fwp%2Fv2%2Fcategories&post=1259"},{"taxonomy":"post_tag","embeddable":true,"href":"https:\/\/cebilbilitanos.com\/index.php?rest_route=%2Fwp%2Fv2%2Ftags&post=1259"}],"curies":[{"name":"wp","href":"https:\/\/api.w.org\/{rel}","templated":true}]}}