{"id":1250,"date":"2016-11-01T19:09:05","date_gmt":"2016-11-01T19:09:05","guid":{"rendered":"http:\/\/cebilbilitanos.com\/?p=1250"},"modified":"2016-11-01T19:14:41","modified_gmt":"2016-11-01T19:14:41","slug":"mudejar-arte-y-sociedad-pasado-presente-y-futuro","status":"publish","type":"post","link":"https:\/\/cebilbilitanos.com\/?p=1250","title":{"rendered":"Mud\u00e9jar, arte y sociedad: Pasado, presente y futuro"},"content":{"rendered":"<p><img decoding=\"async\" loading=\"lazy\" class=\"size-full wp-image-1251 aligncenter\" src=\"http:\/\/cebilbilitanos.com\/wp-content\/uploads\/2016\/11\/mudejar.jpg\" alt=\"mudejar\" width=\"567\" height=\"590\" srcset=\"https:\/\/cebilbilitanos.com\/wp-content\/uploads\/2016\/11\/mudejar.jpg 567w, https:\/\/cebilbilitanos.com\/wp-content\/uploads\/2016\/11\/mudejar-288x300.jpg 288w\" sizes=\"(max-width: 567px) 100vw, 567px\" \/><\/p>\n<p><img decoding=\"async\" loading=\"lazy\" class=\"aligncenter size-full wp-image-1252\" src=\"http:\/\/cebilbilitanos.com\/wp-content\/uploads\/2016\/11\/COLABORAN.jpg\" alt=\"COLABORAN\" width=\"587\" height=\"60\" srcset=\"https:\/\/cebilbilitanos.com\/wp-content\/uploads\/2016\/11\/COLABORAN.jpg 587w, https:\/\/cebilbilitanos.com\/wp-content\/uploads\/2016\/11\/COLABORAN-300x31.jpg 300w\" sizes=\"(max-width: 587px) 100vw, 587px\" \/><br \/>\n<strong>DIRECTORES DEL CURSO:<\/strong><\/p>\n<ul>\n<li>D.\u00aa Ana Echevarr\u00eda Arsuaga,\u00a0Profesora Titular del Dpto. de Historia Medieval y\u00a0Ciencias y T\u00e9cnicas Historiogr\u00e1ficas de la UNED.<\/li>\n<li>D. Jes\u00fas Criado Mainar,\u00a0Profesor Titular del Departamento de Historia del Arte de la Universidad de Zaragoza.<\/li>\n<\/ul>\n<p><strong>Coordinador:<\/strong><br \/>\nD. Jos\u00e9 Luis Cort\u00e9s Perruca. Profesor tutor de la UNED de Calatayud.<\/p>\n<p style=\"text-align: center;\"><strong>CALATAYUD &#8211; TOBED, 4 Y 5 DE NOVIEMBRE DE 2016<\/strong><br \/>\n<strong> SAL\u00d3N DE ACTOS DE LA UNED<\/strong><br \/>\n<strong> CURSO DE EXTENSI\u00d3N UNIVERSITARIA &#8211; 1 cr\u00e9dito ECTS<\/strong><\/p>\n<p>El Centro de la UNED de Calatayud y el Centro de Estudios Bilbilitanos, promueven las jornadas de estudio \u201c Mud\u00e9jar, arte y sociedad: pasado, presente y futuro\u201d, con motivo de la conmemoraci\u00f3n del XV aniversario de la declaraci\u00f3n del Arte Mud\u00e9jar como Patrimonio de la Humanidad y tambi\u00e9n como homenaje a Agust\u00edn Sanmiguel Mateo.<\/p>\n<p>Estas jornadas pretenden ofrecer una visi\u00f3n global, tanto de la sociedad mud\u00e9jar como del legado art\u00edstico del que somos depositarios. Una herencia que se manifiesta en una extensa n\u00f3mina de monumentos de los que la UNESCO signific\u00f3 tres como Patrimonio de la Humanidad en la Comarca de Calatayud: la torre, el \u00e1bside y el claustro de la Colegiata de Santa Mar\u00eda de Calatayud, la iglesia de Santa Tecla de Cervera de la Ca\u00f1ada y la iglesia de Santa Mar\u00eda de Tobed.<\/p>\n<p>Durante estas jornadas se contar\u00e1 con la participaci\u00f3n de expertos universitarios en el estudio del arte y la sociedad mud\u00e9jar, as\u00ed como de varios arquitectos que han intervenido en la restauraci\u00f3n y puesta en valor de distintos monumentos mud\u00e9jares. Estas actuaciones no solo implican la recuperaci\u00f3n del patrimonio art\u00edstico, sino que tambi\u00e9n repercuten en la sociedad, potenciando el atractivo tur\u00edstico de la Comarca.<\/p>\n<p>En este contexto, se rendir\u00e1 un homenaje a Agust\u00edn Sanmiguel Mateo, un bilbilitano enamorado del mud\u00e9jar que a lo largo de su vida public\u00f3 interesantes y numerosos trabajos relacionados sobre este arte en la ciudad de Calatayud y todo su entorno.<\/p>\n<p>Dirigido a profesores y estudiantes universitarios de las titulaciones de las Facultades de Geograf\u00eda e Historia de la UNED y de la Universidad de Zaragoza, y a todas las personas interesadas en el tema.<\/p>\n<h2 style=\"text-align: center;\">VIERNES, 4 DE NOVIEMBRE DE 2016<\/h2>\n<p>16 h. <strong>Inauguraci\u00f3n de las Jornadas.<\/strong><br \/>\n16:15 h. \u00a0<strong>MUD\u00c9JARES Y CRISTIANOS: CONVIVENCIA, COEXISTENCIA, \u00a0 \u00a0 \u00a0 \u00a0 \u00a0 \u00a0 \u00a0 \u00a0 \u00a0 \u00a0 \u00a0 \u00a0 \u00a0 \u00a0CONVENIENCIA<\/strong>.<br \/>\nD. Esteban Sarasa S\u00e1nchez.<br \/>\n17 h. <strong>LOS MUD\u00c9JARES Y LA IGLESIA, UNA RELACI\u00d3N CONTROVERTIDA.<\/strong><br \/>\nD.\u00aa Ana Echevarr\u00eda Arsuaga.<br \/>\n17:45 h. \u00a0<strong>LOS 17 GRUPOS DE SIMETR\u00cdA EN EL ARTE MUD\u00c9JAR ARAGON\u00c9S.<\/strong><br \/>\nExposici\u00f3n del trabajo realizado por D. \u00c1ngel Ram\u00edrez y D. Carlos Us\u00f3n.<br \/>\nPresenta D. Carlos Us\u00f3n Villalba.<br \/>\nActo de homenaje a Mar\u00eda Jes\u00fas Buil Salas y \u00c1ngel Ram\u00edrez Mart\u00ednez.<br \/>\n18:30 h. Pausa.<br \/>\n18:45 h. <strong>ARTISTAS MUD\u00c9JARES \u2013 CLIENTES CRISTIANOS.<\/strong><br \/>\nD. Jes\u00fas Criado Mainar.<br \/>\n19:30 h. <strong>A PROP\u00d3SITO DEL ARTE MUD\u00c9JAR. UNA REFLEXI\u00d3N SOBRE EL LEGADO ANDALUS\u00cd EN LA CULTURA ESPA\u00d1OLA.<\/strong><br \/>\nD. Gonzalo Borr\u00e1s Gualis.<br \/>\n20:15 h. <strong>Coloquio<\/strong>.<\/p>\n<h2 style=\"text-align: center;\">S\u00c1BADO, 5 DE NOVIEMBRE DE 2016<br \/>\nMA\u00d1ANA &#8211; TOBED\/CALATAYUD<\/h2>\n<p>10 h. <strong>TOBED. TOBED MUD\u00c9JAR. UN PROYECTO DE GESTI\u00d3N DEL PATRIMONIO DESDE EL CONOCIMIENTO IN SITU DE LA IGLESIA MUD\u00c9JAR DE LA VIRGEN DE TOBED Y SU DIFUSI\u00d3N DESDE EL ESPACIO MUD\u00c9JAR MAHOMA CALAHORRI.<\/strong><br \/>\nD.\u00aa Victoria Trasobares Ruiz.<br \/>\n12:30 h. <strong>CALATAYUD. LA RESTAURACI\u00d3N DE MONUMENTOS EN LA PROVINCIA DE ZARAGOZA<\/strong>.<br \/>\nUn servicio para conservar el Patrimonio de todos los pueblos de la provincia.<br \/>\nD. Jos\u00e9 M\u00aa Valero Su\u00e1rez.<\/p>\n<h2 style=\"text-align: center;\">TARDE &#8211; SAL\u00d3N DE ACTOS DE LA UNED DE CALATAYUD.<\/h2>\n<p>16 h.\u00a0<strong>HIP\u00d3TESIS Y RESTAURACIONES.<\/strong><br \/>\nD. Fernando Alegre Arbu\u00e9s.<br \/>\n16:30 h. <strong>LA TORRE DE ORERA, UN EJEMPLO DE MUD\u00c9JAR TARD\u00cdO.<\/strong><br \/>\nD. Joaqu\u00edn Soro L\u00f3pez.<br \/>\n17 h. <strong>LAS RESTAURACIONES DE LA ALCAZABA Y SAN ANDR\u00c9S DE CALATAYUD Y SANTA MAR\u00cdA DE MALUENDA. OTRO MEDIO PARA CONOCER SU ORIGEN Y EVOLUCI\u00d3N.<\/strong><br \/>\nD. Javier Pe\u00f1a Ib\u00e1\u00f1ez.<br \/>\n17:30 h. Pausa.<br \/>\n18 h. <strong>PRESENTACI\u00d3N DE LA MUESTRA DE LA OBRA DE AGUST\u00cdN \u00a0SANMIGUEL.<\/strong><br \/>\n18:30 h. <strong>AGUST\u00cdN SANMIGUEL Y EL MUD\u00c9JAR DE CALATAYUD Y SU COMARCA.<\/strong><br \/>\nD. Jes\u00fas Criado Mainar.<br \/>\n19 h. <strong>EL PATRIMONIO MUD\u00c9JAR EN LA COMARCA DE CALATAYUD COMO ATRACTIVO PARA EL TURISMO DE INTERIOR.<\/strong><br \/>\nD. Jos\u00e9 Luis Cort\u00e9s Perruca.<br \/>\n19:30 h. <strong>Coloquio.<\/strong><\/p>\n<h2 style=\"text-align: center;\">PONENTES<\/h2>\n<ul>\n<li>D. Esteban Sarasa S\u00e1nchez. Profesor Titular de Historia Medieval de la Universidad de<br \/>\nZaragoza. Director de la C\u00e1tedra de Historia J. Zurita de la IFC (CSIC).<\/li>\n<li>D.\u00aa Ana Echevarr\u00eda Arsuaga. Profesora Titular del Departamento de Historia Medieval<br \/>\ny Ciencias y T\u00e9cnicas Historiogr\u00e1ficas de la UNED.<\/li>\n<li>D. Carlos Us\u00f3n Villalba, Profesor de Matem\u00e1ticas.<\/li>\n<li>D. Jes\u00fas Criado Mainar, Profesor Titular de la Facultad de Filosof\u00eda y Letras.<\/li>\n<li>Departamento de Historia del Arte, \u00c1rea de Historia del Arte de la Universidad de<br \/>\nZaragoza.<\/li>\n<li>D. Gonzalo Borr\u00e1s Gualis, Catedr\u00e1tico em\u00e9rito de Historia del Arte Moderno y<br \/>\nContempor\u00e1neo de la Universidad de Zaragoza. Director del Instituto de Estudios<br \/>\nIsl\u00e1micos y de Oriente Pr\u00f3ximo.<\/li>\n<li>D.\u00aa Victoria Trasobares Ruiz, Profesora especialista de Historia del Arte y Gesti\u00f3n del<br \/>\nPatrimonio Cultural. Universitat Oberta de Catalunya. Responsable del Programa<br \/>\nTobed Mud\u00e9jar, ayuntamiento de Tobed.<\/li>\n<li>D. Jos\u00e9 Mar\u00eda Valero Su\u00e1rez, Arquitecto y Jefe del Servicio de Restauraci\u00f3n de la<br \/>\nDiputaci\u00f3n de Zaragoza.<\/li>\n<li>D. Fernando Alegre Arbu\u00e9s, Arquitecto.<\/li>\n<li>D. Joaqu\u00edn Soro L\u00f3pez, Arquitecto.<\/li>\n<li>D. Javier Pe\u00f1a Ib\u00e1\u00f1ez, Arquitecto.<\/li>\n<li>D. Jos\u00e9 Luis Cort\u00e9s Perruca, Profesor tutor de la Facultad de Geograf\u00eda e Historia en<br \/>\nla UNED de Calatayud.<\/li>\n<\/ul>\n<h2 style=\"text-align: center;\">INSCRIPCI\u00d3N<\/h2>\n<p>En la Secretar\u00eda de UNED Calatayud . A trav\u00e9s de internet: www.calatayud.uned.es .<\/p>\n<ul>\n<li>Estudiantes Universitarios: 30 \u20ac .<\/li>\n<li>Desempleados: 30 \u20ac .<\/li>\n<li>Matr\u00edcula Ordinaria: 40 \u20ac .<\/li>\n<li>Sin obtenci\u00f3n del cr\u00e9dito: Gratuita, aunque requiere inscripci\u00f3n.<\/li>\n<\/ul>\n<p><em>Los estudiantes universitarios y personas desempleadas deber\u00e1n acreditarlo con el documento justificativo. <\/em><\/p>\n<p><em>El curso tendr\u00e1 una duraci\u00f3n de 20 horas lectivas: 15 presenciales y 5 a distancia (1 cr\u00e9dito ECTS). <\/em><\/p>\n<p><em>Los asistentes interesados en obtener el cr\u00e9dito, adem\u00e1s de la asistencia a todas las ponencias y la firma en el control de entrada deber\u00e1n de realizar un trabajo sobre una de las materias tratadas en el curso.<\/em><\/p>\n<h2 style=\"text-align: center;\">NOTAS<\/h2>\n<p>El s\u00e1bado 5, se habilitar\u00e1 un autob\u00fas gratuito para el desplazamiento de Calatayud\u00a0a Tobed con l\u00edmite de 50 plazas. La salida tendr\u00e1 lugar a las 9 horas de la estaci\u00f3n\u00a0de autobuses de Calatayud.<\/p>\n<p>Las personas interesadas en utilizar el autob\u00fas para realizar la visita, deber\u00e1n\u00a0inscribirse el viernes d\u00eda 4, en la mesa de control de firmas del curso.<\/p>\n<p>La organizaci\u00f3n del curso tiene la intenci\u00f3n de publicar todas las conferencias\u00a0presentadas.<\/p>\n","protected":false},"excerpt":{"rendered":"<p>DIRECTORES DEL CURSO: D.\u00aa Ana Echevarr\u00eda Arsuaga,\u00a0Profesora Titular del Dpto. de Historia Medieval y\u00a0Ciencias y T\u00e9cnicas Historiogr\u00e1ficas de la UNED. D. Jes\u00fas Criado Mainar,\u00a0Profesor Titular del Departamento de Historia del Arte de la Universidad de Zaragoza. Coordinador: D. Jos\u00e9 Luis &hellip; <a href=\"https:\/\/cebilbilitanos.com\/?p=1250\">Sigue leyendo <span class=\"meta-nav\">&rarr;<\/span><\/a><\/p>\n","protected":false},"author":1,"featured_media":0,"comment_status":"open","ping_status":"open","sticky":false,"template":"","format":"standard","meta":[],"categories":[28],"tags":[14,39,17,15],"_links":{"self":[{"href":"https:\/\/cebilbilitanos.com\/index.php?rest_route=\/wp\/v2\/posts\/1250"}],"collection":[{"href":"https:\/\/cebilbilitanos.com\/index.php?rest_route=\/wp\/v2\/posts"}],"about":[{"href":"https:\/\/cebilbilitanos.com\/index.php?rest_route=\/wp\/v2\/types\/post"}],"author":[{"embeddable":true,"href":"https:\/\/cebilbilitanos.com\/index.php?rest_route=\/wp\/v2\/users\/1"}],"replies":[{"embeddable":true,"href":"https:\/\/cebilbilitanos.com\/index.php?rest_route=%2Fwp%2Fv2%2Fcomments&post=1250"}],"version-history":[{"count":4,"href":"https:\/\/cebilbilitanos.com\/index.php?rest_route=\/wp\/v2\/posts\/1250\/revisions"}],"predecessor-version":[{"id":1256,"href":"https:\/\/cebilbilitanos.com\/index.php?rest_route=\/wp\/v2\/posts\/1250\/revisions\/1256"}],"wp:attachment":[{"href":"https:\/\/cebilbilitanos.com\/index.php?rest_route=%2Fwp%2Fv2%2Fmedia&parent=1250"}],"wp:term":[{"taxonomy":"category","embeddable":true,"href":"https:\/\/cebilbilitanos.com\/index.php?rest_route=%2Fwp%2Fv2%2Fcategories&post=1250"},{"taxonomy":"post_tag","embeddable":true,"href":"https:\/\/cebilbilitanos.com\/index.php?rest_route=%2Fwp%2Fv2%2Ftags&post=1250"}],"curies":[{"name":"wp","href":"https:\/\/api.w.org\/{rel}","templated":true}]}}