{"id":124,"date":"2013-12-18T09:00:23","date_gmt":"2013-12-18T09:00:23","guid":{"rendered":"http:\/\/cebilbilitanos.com\/?p=124"},"modified":"2015-09-10T09:03:57","modified_gmt":"2015-09-10T09:03:57","slug":"miradas-presentacion-del-libro-de-jorge-miret","status":"publish","type":"post","link":"https:\/\/cebilbilitanos.com\/?p=124","title":{"rendered":"MIRADAS, presentaci\u00f3n del libro de Jorge Miret"},"content":{"rendered":"<div class=\"MsoNormal\" style=\"text-align: justify;\"><span style=\"font-family: 'Times New Roman','serif'; font-size: 12.0pt; line-height: 115%; mso-ansi-language: ES;\">MIRADAS<\/span><\/div>\n<div class=\"MsoNormal\" style=\"text-align: justify;\"><span style=\"font-family: 'Times New Roman','serif'; font-size: 12.0pt; line-height: 115%; mso-ansi-language: ES;\">Francisco<br \/>\nTobajas Gallego<\/span><\/div>\n<div class=\"MsoNormal\" style=\"text-align: justify;\"><span style=\"font-family: 'Times New Roman','serif'; font-size: 12.0pt; line-height: 115%; mso-ansi-language: ES;\">\u00a0<\/span><\/div>\n<div class=\"MsoNormal\" style=\"text-align: justify;\"><span style=\"font-family: 'Times New Roman','serif'; font-size: 12.0pt; line-height: 115%; mso-ansi-language: ES;\">\u00a0\u00a0\u00a0\u00a0\u00a0\u00a0\u00a0\u00a0\u00a0\u00a0\u00a0 El pasado 5 de diciembre se present\u00f3\u00a0en el Museo de Calatayud un libro de fotograf\u00edas de Jorge Miret Velilla, bajo\u00a0el t\u00edtulo de <i>Miradas<\/i>. El autor estuvo\u00a0arropado por Manuel Micheto, Presidente del Centro de Estudios Bilbilitanos, Manuel\u00a0Mart\u00edn Bueno, Director del Museo de Calatayud, y Jos\u00e9 Ver\u00f3n, al que se le debe\u00a0tambi\u00e9n el pr\u00f3logo de este libro.<\/span><\/div>\n<div class=\"MsoNormal\" style=\"text-align: justify;\"><span style=\"font-family: 'Times New Roman','serif'; font-size: 12.0pt; line-height: 115%; mso-ansi-language: ES;\">\u00a0<\/span><\/div>\n<div class=\"separator\" style=\"clear: both; text-align: center;\"><a style=\"margin-left: 1em; margin-right: 1em;\" href=\"http:\/\/1.bp.blogspot.com\/-Hmbek_rjZsA\/UrGwzVLs-5I\/AAAAAAAAM6s\/MssVX4K4adA\/s1600\/miret.jpg\"><img decoding=\"async\" src=\"http:\/\/1.bp.blogspot.com\/-Hmbek_rjZsA\/UrGwzVLs-5I\/AAAAAAAAM6s\/MssVX4K4adA\/s1600\/miret.jpg\" alt=\"\" border=\"0\" \/><\/a><\/div>\n<div class=\"MsoNormal\" style=\"text-align: justify;\"><span style=\"font-family: 'Times New Roman','serif'; font-size: 12.0pt; line-height: 115%; mso-ansi-language: ES;\">\u00a0<\/span><\/div>\n<div class=\"MsoNormal\" style=\"text-align: justify;\"><span style=\"font-family: 'Times New Roman','serif'; font-size: 12.0pt; line-height: 115%; mso-ansi-language: ES;\">\u00a0<\/span><\/div>\n<div class=\"MsoNormal\" style=\"text-align: justify;\"><span style=\"font-family: 'Times New Roman','serif'; font-size: 12.0pt; line-height: 115%; mso-ansi-language: ES;\">\u00a0\u00a0\u00a0\u00a0\u00a0\u00a0\u00a0\u00a0\u00a0\u00a0\u00a0 Pepe Ver\u00f3n escribe con acierto en\u00a0este pr\u00f3logo que la fotograf\u00eda es una forma de expresi\u00f3n, que el autor de este\u00a0libro conoce y desarrolla con sutiliza y no menos pasi\u00f3n y sabidur\u00eda. El libro,\u00a0que pertenece a la colecci\u00f3n <i>Calatayud en\u00a0la fotograf\u00eda<\/i>, del Centro de Estudios Bilbilitanos, se compone de treinta y\u00a0seis retratos en blanco y negro de destacados personajes bilbilitanos, sean de\u00a0nacimiento o de adopci\u00f3n, aunque Mart\u00edn Bueno se sienta tambi\u00e9n huermedino por\u00a0derecho propio. Y eso le honra. Entre estos relevantes personajes fotografiados\u00a0para la ocasi\u00f3n, no faltan los pol\u00edticos o ex-pol\u00edticos locales, los artistas y\u00a0los deportistas, aunque tampoco se echan en faltan los cantantes, los m\u00fasicos y\u00a0los joteros. Todos ellos, fotografiados en su lugar de trabajo y a veces\u00a0tambi\u00e9n vestidos de gala para la ocasi\u00f3n, componen este libro de miradas en\u00a0plural, cada uno con la suya, diferente y diferenciadora, con sonrisa, media\u00a0sonrisa o sin ella. <\/span><\/div>\n<div class=\"MsoNormal\" style=\"text-align: justify;\"><span style=\"font-family: 'Times New Roman','serif'; font-size: 12.0pt; line-height: 115%; mso-ansi-language: ES;\">\u00a0<\/span><\/div>\n<div class=\"MsoNormal\" style=\"text-align: justify; text-indent: 36.0pt;\"><span style=\"font-family: 'Times New Roman','serif'; font-size: 12.0pt; line-height: 115%; mso-ansi-language: ES;\">Alguien coment\u00f3 con indudable acierto que el libro era un\u00a0cruce de miradas fijas, precisas y personales, pero tambi\u00e9n pod\u00eda considerarse\u00a0como un laberinto de miradas, o mejor a\u00fan como una galer\u00eda de miradas, cercanas\u00a0y conocidas, de frente o de soslayo, que miran sin ning\u00fan miedo o con una pizca\u00a0de verg\u00fcenza y rubor, y que perfilan la personalidad de cada fotografiado y nos\u00a0sugieren a los espectadores un estado de \u00e1nimo, un pensamiento o una simple\u00a0confidencia. Y las hay de todos los tipos y maneras. Fij\u00e1ndome solamente en los\u00a0ojos las he encontrado lac\u00f3nicas, desencantadas, concentradas, confiantes,\u00a0serenas, coquetas, alegres, inocentes, tranquilas, delicadas, c\u00f3mplices,\u00a0dispuestas, femeninas, amigables, expectantes, acad\u00e9micas, apacibles,\u00a0encandiladas, inquietas, sabias, profundas, incr\u00e9dulas, desafiantes, tiernas,\u00a0tristes, orgullosas, serias, resplandecientes, solemnes, curiosas, penetrantes,\u00a0apacibles, pintorescas, agradecidas, electorales y maternales. <\/span><\/div>\n<div class=\"MsoNormal\" style=\"text-align: justify; text-indent: 36.0pt;\"><\/div>\n<div class=\"MsoNormal\" style=\"text-align: justify; text-indent: 36.0pt;\"><span style=\"font-family: 'Times New Roman','serif'; font-size: 12.0pt; line-height: 115%; mso-ansi-language: ES;\">A estas diferentes miradas del retratado, el autor las\u00a0acompa\u00f1a con una imagen de Calatayud, que guarda una cierta relaci\u00f3n con cada\u00a0personaje, y con una frase que el fotografiado dej\u00f3 escapar en la sesi\u00f3n de\u00a0fotos o bien el fot\u00f3grafo la eligi\u00f3 con la mejor intenci\u00f3n posible. Todas estas\u00a0miradas juntas, ordenadas o desordenadas, seg\u00fan se mire, componen un libro de\u00a0fotograf\u00edas sugerente y muy cuidado, que nos muestra a Calatayud y a sus gentes\u00a0con nuevas perspectivas y nuevas miradas, que dicen mucho y bien de Jorge\u00a0Miret. Enhorabuena.<\/span><\/div>\n","protected":false},"excerpt":{"rendered":"<p>MIRADAS Francisco Tobajas Gallego \u00a0 \u00a0\u00a0\u00a0\u00a0\u00a0\u00a0\u00a0\u00a0\u00a0\u00a0\u00a0 El pasado 5 de diciembre se present\u00f3\u00a0en el Museo de Calatayud un libro de fotograf\u00edas de Jorge Miret Velilla, bajo\u00a0el t\u00edtulo de Miradas. El autor estuvo\u00a0arropado por Manuel Micheto, Presidente del Centro de Estudios &hellip; <a href=\"https:\/\/cebilbilitanos.com\/?p=124\">Sigue leyendo <span class=\"meta-nav\">&rarr;<\/span><\/a><\/p>\n","protected":false},"author":1,"featured_media":0,"comment_status":"open","ping_status":"open","sticky":false,"template":"","format":"standard","meta":[],"categories":[23],"tags":[6,22,10,11],"_links":{"self":[{"href":"https:\/\/cebilbilitanos.com\/index.php?rest_route=\/wp\/v2\/posts\/124"}],"collection":[{"href":"https:\/\/cebilbilitanos.com\/index.php?rest_route=\/wp\/v2\/posts"}],"about":[{"href":"https:\/\/cebilbilitanos.com\/index.php?rest_route=\/wp\/v2\/types\/post"}],"author":[{"embeddable":true,"href":"https:\/\/cebilbilitanos.com\/index.php?rest_route=\/wp\/v2\/users\/1"}],"replies":[{"embeddable":true,"href":"https:\/\/cebilbilitanos.com\/index.php?rest_route=%2Fwp%2Fv2%2Fcomments&post=124"}],"version-history":[{"count":1,"href":"https:\/\/cebilbilitanos.com\/index.php?rest_route=\/wp\/v2\/posts\/124\/revisions"}],"predecessor-version":[{"id":125,"href":"https:\/\/cebilbilitanos.com\/index.php?rest_route=\/wp\/v2\/posts\/124\/revisions\/125"}],"wp:attachment":[{"href":"https:\/\/cebilbilitanos.com\/index.php?rest_route=%2Fwp%2Fv2%2Fmedia&parent=124"}],"wp:term":[{"taxonomy":"category","embeddable":true,"href":"https:\/\/cebilbilitanos.com\/index.php?rest_route=%2Fwp%2Fv2%2Fcategories&post=124"},{"taxonomy":"post_tag","embeddable":true,"href":"https:\/\/cebilbilitanos.com\/index.php?rest_route=%2Fwp%2Fv2%2Ftags&post=124"}],"curies":[{"name":"wp","href":"https:\/\/api.w.org\/{rel}","templated":true}]}}