{"id":120,"date":"2013-12-18T08:56:34","date_gmt":"2013-12-18T08:56:34","guid":{"rendered":"http:\/\/cebilbilitanos.com\/?p=120"},"modified":"2015-09-10T08:57:53","modified_gmt":"2015-09-10T08:57:53","slug":"el-camino-espanol-y-la-logistica-en-la-epoca-de-los-tercios-aportaciones-de-calatayud-y-comarca","status":"publish","type":"post","link":"https:\/\/cebilbilitanos.com\/?p=120","title":{"rendered":"EL CAMINO ESPA\u00d1OL Y LA LOG\u00cdSTICA EN LA \u00c9POCA DE LOS TERCIOS.APORTACIONES DE CALATAYUD Y COMARCA"},"content":{"rendered":"<p>Centro de Estudios Bilbilitanos<br \/>\nde la Instituci\u00f3n \u201cFernando el Cat\u00f3lico\u201d<\/p>\n<p>&#8211; Mi\u00e9rcoles 18 de diciembre a las 20:30 horas en la Sala Multiusos del Palacio de la Comunidad de Calatayud:<\/p>\n<p>PRESENTACI\u00d3N DE LA PUBLICACI\u00d3N<\/p>\n<p>EL CAMINO ESPA\u00d1OL Y LA LOG\u00cdSTICA EN LA \u00c9POCA DE LOS TERCIOS.APORTACIONES DE CALATAYUD Y COMARCA<\/p>\n<p>Fernando Mart\u00ednez La\u00ednez y V\u00edctor Javier S\u00e1nchez Tarradellas<\/p>\n","protected":false},"excerpt":{"rendered":"<p>Centro de Estudios Bilbilitanos de la Instituci\u00f3n \u201cFernando el Cat\u00f3lico\u201d &#8211; Mi\u00e9rcoles 18 de diciembre a las 20:30 horas en la Sala Multiusos del Palacio de la Comunidad de Calatayud: PRESENTACI\u00d3N DE LA PUBLICACI\u00d3N EL CAMINO ESPA\u00d1OL Y LA LOG\u00cdSTICA &hellip; <a href=\"https:\/\/cebilbilitanos.com\/?p=120\">Sigue leyendo <span class=\"meta-nav\">&rarr;<\/span><\/a><\/p>\n","protected":false},"author":1,"featured_media":0,"comment_status":"open","ping_status":"open","sticky":false,"template":"","format":"standard","meta":[],"categories":[23],"tags":[6,17,10,11],"_links":{"self":[{"href":"https:\/\/cebilbilitanos.com\/index.php?rest_route=\/wp\/v2\/posts\/120"}],"collection":[{"href":"https:\/\/cebilbilitanos.com\/index.php?rest_route=\/wp\/v2\/posts"}],"about":[{"href":"https:\/\/cebilbilitanos.com\/index.php?rest_route=\/wp\/v2\/types\/post"}],"author":[{"embeddable":true,"href":"https:\/\/cebilbilitanos.com\/index.php?rest_route=\/wp\/v2\/users\/1"}],"replies":[{"embeddable":true,"href":"https:\/\/cebilbilitanos.com\/index.php?rest_route=%2Fwp%2Fv2%2Fcomments&post=120"}],"version-history":[{"count":1,"href":"https:\/\/cebilbilitanos.com\/index.php?rest_route=\/wp\/v2\/posts\/120\/revisions"}],"predecessor-version":[{"id":121,"href":"https:\/\/cebilbilitanos.com\/index.php?rest_route=\/wp\/v2\/posts\/120\/revisions\/121"}],"wp:attachment":[{"href":"https:\/\/cebilbilitanos.com\/index.php?rest_route=%2Fwp%2Fv2%2Fmedia&parent=120"}],"wp:term":[{"taxonomy":"category","embeddable":true,"href":"https:\/\/cebilbilitanos.com\/index.php?rest_route=%2Fwp%2Fv2%2Fcategories&post=120"},{"taxonomy":"post_tag","embeddable":true,"href":"https:\/\/cebilbilitanos.com\/index.php?rest_route=%2Fwp%2Fv2%2Ftags&post=120"}],"curies":[{"name":"wp","href":"https:\/\/api.w.org\/{rel}","templated":true}]}}