{"id":1190,"date":"2016-10-04T15:46:13","date_gmt":"2016-10-04T15:46:13","guid":{"rendered":"http:\/\/cebilbilitanos.com\/?p=1190"},"modified":"2016-10-04T15:46:13","modified_gmt":"2016-10-04T15:46:13","slug":"premio-de-poesia-jose-veron-gormaz-2","status":"publish","type":"post","link":"https:\/\/cebilbilitanos.com\/?p=1190","title":{"rendered":"Premio de poes\u00eda Jos\u00e9 Ver\u00f3n Gormaz"},"content":{"rendered":"<p><img decoding=\"async\" loading=\"lazy\" class=\"size-full wp-image-1191\" src=\"http:\/\/cebilbilitanos.com\/wp-content\/uploads\/2016\/10\/Cartel-ganador-JPG.jpg\" alt=\"Cartel ganador JPG\" width=\"1630\" height=\"2306\" srcset=\"https:\/\/cebilbilitanos.com\/wp-content\/uploads\/2016\/10\/Cartel-ganador-JPG.jpg 1630w, https:\/\/cebilbilitanos.com\/wp-content\/uploads\/2016\/10\/Cartel-ganador-JPG-212x300.jpg 212w, https:\/\/cebilbilitanos.com\/wp-content\/uploads\/2016\/10\/Cartel-ganador-JPG-768x1087.jpg 768w, https:\/\/cebilbilitanos.com\/wp-content\/uploads\/2016\/10\/Cartel-ganador-JPG-724x1024.jpg 724w\" sizes=\"(max-width: 1630px) 100vw, 1630px\" \/><\/p>\n","protected":false},"excerpt":{"rendered":"","protected":false},"author":1,"featured_media":0,"comment_status":"open","ping_status":"open","sticky":false,"template":"","format":"standard","meta":[],"categories":[23,30],"tags":[],"_links":{"self":[{"href":"https:\/\/cebilbilitanos.com\/index.php?rest_route=\/wp\/v2\/posts\/1190"}],"collection":[{"href":"https:\/\/cebilbilitanos.com\/index.php?rest_route=\/wp\/v2\/posts"}],"about":[{"href":"https:\/\/cebilbilitanos.com\/index.php?rest_route=\/wp\/v2\/types\/post"}],"author":[{"embeddable":true,"href":"https:\/\/cebilbilitanos.com\/index.php?rest_route=\/wp\/v2\/users\/1"}],"replies":[{"embeddable":true,"href":"https:\/\/cebilbilitanos.com\/index.php?rest_route=%2Fwp%2Fv2%2Fcomments&post=1190"}],"version-history":[{"count":1,"href":"https:\/\/cebilbilitanos.com\/index.php?rest_route=\/wp\/v2\/posts\/1190\/revisions"}],"predecessor-version":[{"id":1192,"href":"https:\/\/cebilbilitanos.com\/index.php?rest_route=\/wp\/v2\/posts\/1190\/revisions\/1192"}],"wp:attachment":[{"href":"https:\/\/cebilbilitanos.com\/index.php?rest_route=%2Fwp%2Fv2%2Fmedia&parent=1190"}],"wp:term":[{"taxonomy":"category","embeddable":true,"href":"https:\/\/cebilbilitanos.com\/index.php?rest_route=%2Fwp%2Fv2%2Fcategories&post=1190"},{"taxonomy":"post_tag","embeddable":true,"href":"https:\/\/cebilbilitanos.com\/index.php?rest_route=%2Fwp%2Fv2%2Ftags&post=1190"}],"curies":[{"name":"wp","href":"https:\/\/api.w.org\/{rel}","templated":true}]}}