{"id":118,"date":"2013-12-02T08:54:50","date_gmt":"2013-12-02T08:54:50","guid":{"rendered":"http:\/\/cebilbilitanos.com\/?p=118"},"modified":"2015-09-10T08:56:02","modified_gmt":"2015-09-10T08:56:02","slug":"presentacion-del-libro-miradas-de-jorge-miret-velilla","status":"publish","type":"post","link":"https:\/\/cebilbilitanos.com\/?p=118","title":{"rendered":"Presentaci\u00f3n del libro Miradas de Jorge Miret Velilla"},"content":{"rendered":"<div class=\"separator\" style=\"clear: both; text-align: justify;\">\nEl pr\u00f3ximo jueves, d\u00eda 5 de diciembre, a las 20:30 horas, en el Museo de Calatayud se presentar\u00e1 el libro de fotograf\u00edas \u00abMiradas\u00bb de Jorge Miret Velilla.<\/div>\n<div class=\"separator\" style=\"clear: both; text-align: center;\">\n<\/div>\n<div class=\"separator\" style=\"clear: both; text-align: center;\">\n<a href=\"http:\/\/4.bp.blogspot.com\/-i0jG-TkTwcU\/UpyBLPnlWVI\/AAAAAAAAM4I\/5-nAxyk-cvs\/s1600\/miret.jpg\" imageanchor=\"1\" style=\"margin-left: 1em; margin-right: 1em;\"><img decoding=\"async\" border=\"0\" src=\"http:\/\/4.bp.blogspot.com\/-i0jG-TkTwcU\/UpyBLPnlWVI\/AAAAAAAAM4I\/5-nAxyk-cvs\/s1600\/miret.jpg\" \/><\/a><\/div>\n<p><\/p>\n","protected":false},"excerpt":{"rendered":"<p>El pr\u00f3ximo jueves, d\u00eda 5 de diciembre, a las 20:30 horas, en el Museo de Calatayud se presentar\u00e1 el libro de fotograf\u00edas \u00abMiradas\u00bb de Jorge Miret Velilla.<\/p>\n","protected":false},"author":1,"featured_media":0,"comment_status":"open","ping_status":"open","sticky":false,"template":"","format":"standard","meta":[],"categories":[23],"tags":[6,22,10,11],"_links":{"self":[{"href":"https:\/\/cebilbilitanos.com\/index.php?rest_route=\/wp\/v2\/posts\/118"}],"collection":[{"href":"https:\/\/cebilbilitanos.com\/index.php?rest_route=\/wp\/v2\/posts"}],"about":[{"href":"https:\/\/cebilbilitanos.com\/index.php?rest_route=\/wp\/v2\/types\/post"}],"author":[{"embeddable":true,"href":"https:\/\/cebilbilitanos.com\/index.php?rest_route=\/wp\/v2\/users\/1"}],"replies":[{"embeddable":true,"href":"https:\/\/cebilbilitanos.com\/index.php?rest_route=%2Fwp%2Fv2%2Fcomments&post=118"}],"version-history":[{"count":1,"href":"https:\/\/cebilbilitanos.com\/index.php?rest_route=\/wp\/v2\/posts\/118\/revisions"}],"predecessor-version":[{"id":119,"href":"https:\/\/cebilbilitanos.com\/index.php?rest_route=\/wp\/v2\/posts\/118\/revisions\/119"}],"wp:attachment":[{"href":"https:\/\/cebilbilitanos.com\/index.php?rest_route=%2Fwp%2Fv2%2Fmedia&parent=118"}],"wp:term":[{"taxonomy":"category","embeddable":true,"href":"https:\/\/cebilbilitanos.com\/index.php?rest_route=%2Fwp%2Fv2%2Fcategories&post=118"},{"taxonomy":"post_tag","embeddable":true,"href":"https:\/\/cebilbilitanos.com\/index.php?rest_route=%2Fwp%2Fv2%2Ftags&post=118"}],"curies":[{"name":"wp","href":"https:\/\/api.w.org\/{rel}","templated":true}]}}