{"id":1179,"date":"2016-09-17T09:35:39","date_gmt":"2016-09-17T09:35:39","guid":{"rendered":"http:\/\/cebilbilitanos.com\/?p=1179"},"modified":"2016-09-22T20:15:24","modified_gmt":"2016-09-22T20:15:24","slug":"presentacion-de-las-actas-del-ix-encuentro-de-estudios-bilbilitanos-2","status":"publish","type":"post","link":"https:\/\/cebilbilitanos.com\/?p=1179","title":{"rendered":"Presentaci\u00f3n de las actas del IX encuentro de estudios bilbilitanos"},"content":{"rendered":"<p><iframe loading=\"lazy\" style=\"border: 1px solid #CCC; border-width: 1px; margin-bottom: 5px; max-width: 100%;\" src=\"\/\/www.slideshare.net\/slideshow\/embed_code\/key\/jPx9GmO70cFdV1\" width=\"595\" height=\"485\" frameborder=\"0\" marginwidth=\"0\" marginheight=\"0\" scrolling=\"no\" allowfullscreen=\"allowfullscreen\"> <\/iframe><\/p>\n<div style=\"margin-bottom: 5px;\"><strong> <a title=\"Presentacion de las actas IX del encuentro de estudios bilbilitannos\" href=\"\/\/www.slideshare.net\/JoseRamonOlalla\/presentacion-de-las-actas-ix-del-encuentro-de-estudios-bilbilitannos\" target=\"_blank\">Presentacion de las actas IX del encuentro de estudios bilbilitannos<\/a><\/strong><\/div>\n<ul>\n<li style=\"margin-bottom: 5px;\">Carlos S\u00e1enz Preciado (Antig\u00fcedad e Historia)<\/li>\n<li style=\"margin-bottom: 5px;\">Jos\u00e9 Luis Cort\u00e9s Perruca (Arte)<\/li>\n<li style=\"margin-bottom: 5px;\">Jes\u00fas Gil Alejandre (Etnolog\u00eda y Folklore)<\/li>\n<li style=\"margin-bottom: 5px;\">Jos\u00e9 Ram\u00f3n Olalla Celma (Ciencias de la Tierra y de la Sociedad)<\/li>\n<\/ul>\n<p><strong>PRESENTACI\u00d3N DE LAS ACTAS\u00a0<\/strong><strong>DEL IX ENCUENTRO DE ESTUDIOS BILBILITANOS<\/strong><\/p>\n<p><em>Francisco Tobajas Gallego<\/em><\/p>\n<p>El 15 de septiembre de 2016 tuvo lugar la presentaci\u00f3n de las Actas del IX Encuentro de Estudios Bilbilitanos, en el Sal\u00f3n Multiusos del Ayuntamiento de Calatayud. El alcalde, Jos\u00e9 Manuel Aranda, tuvo un recuerdo para \u00c1ngel Montero, Consejero del Centro de Estudios Bilbilitanos, que falleci\u00f3 en abril de este mismo a\u00f1o y no pudo ver la exposici\u00f3n de sus caricaturas, que se mostraron en el Sal\u00f3n de Juntas del Centro de Estudios, con motivo de la inauguraci\u00f3n de la sede tras las obras.<\/p>\n<p>Jos\u00e9 \u00c1ngel Urzay, Presidente del Centro de Estudios Bilbilitanos, tambi\u00e9n tuvo unas palabras de recuerdo y homenaje para \u00c1ngel Montero. Reconoci\u00f3 que este a\u00f1o de 2016 hab\u00eda sido para el Centro de Estudios un a\u00f1o intenso. Sin embargo, las obras en la sede no hab\u00edan interrumpido sus actividades.<\/p>\n<p>El IX Encuentro de Estudios Bilbilitanos se hab\u00eda celebrado en noviembre de 2015. Se hab\u00eda dado un tiempo prudencial a ponentes y comunicantes para presentar sus trabajos, de forma que se pudiese presentar las actas cuanto antes. Jos\u00e9 \u00c1ngel Urzay agradeci\u00f3 el trabajo de Gr\u00e1ficas Costa. Estas Actas del IX Encuentro son las primeras que se editan en color, decisi\u00f3n motivada por la importancia del color para algunas comunicaciones, \u00a0sobre todo en las secciones de Arte y de Ciencias de la Tierra. En ellas se recogen cinco a\u00f1os de investigaciones y se puede comprobar que hay una continuidad, con un t\u00edmido relevo generacional. El Presidente del Centro de Estudios asegur\u00f3 que los Encuentros eran la columna vertebral de toda la informaci\u00f3n sobre la comarca. En total, son diecis\u00e9is vol\u00famenes, que se van a digitalizar progresivamente para su consulta.<\/p>\n<p>Carlos S\u00e1enz Preciado present\u00f3 las ponencias y comunicaciones de las secciones dedicadas a la Antig\u00fcedad y a la Historia. Jes\u00fas Gil Alejandre hizo lo propio con las referidas a Etnolog\u00eda, Folclore y Literatura. Jos\u00e9 Luis Cort\u00e9s Perruca present\u00f3 las de la secci\u00f3n de Arte y Jos\u00e9 Ram\u00f3n Olalla Celma, las incluidas en la secci\u00f3n de Ciencias de la Tierra y de la Sociedad.<\/p>\n","protected":false},"excerpt":{"rendered":"<p>Presentacion de las actas IX del encuentro de estudios bilbilitannos Carlos S\u00e1enz Preciado (Antig\u00fcedad e Historia) Jos\u00e9 Luis Cort\u00e9s Perruca (Arte) Jes\u00fas Gil Alejandre (Etnolog\u00eda y Folklore) Jos\u00e9 Ram\u00f3n Olalla Celma (Ciencias de la Tierra y de la Sociedad) PRESENTACI\u00d3N &hellip; <a href=\"https:\/\/cebilbilitanos.com\/?p=1179\">Sigue leyendo <span class=\"meta-nav\">&rarr;<\/span><\/a><\/p>\n","protected":false},"author":1,"featured_media":0,"comment_status":"open","ping_status":"open","sticky":false,"template":"","format":"standard","meta":[],"categories":[28,2,23,30],"tags":[6,20,19,14,42,24,37,17,3,7,10,11],"_links":{"self":[{"href":"https:\/\/cebilbilitanos.com\/index.php?rest_route=\/wp\/v2\/posts\/1179"}],"collection":[{"href":"https:\/\/cebilbilitanos.com\/index.php?rest_route=\/wp\/v2\/posts"}],"about":[{"href":"https:\/\/cebilbilitanos.com\/index.php?rest_route=\/wp\/v2\/types\/post"}],"author":[{"embeddable":true,"href":"https:\/\/cebilbilitanos.com\/index.php?rest_route=\/wp\/v2\/users\/1"}],"replies":[{"embeddable":true,"href":"https:\/\/cebilbilitanos.com\/index.php?rest_route=%2Fwp%2Fv2%2Fcomments&post=1179"}],"version-history":[{"count":6,"href":"https:\/\/cebilbilitanos.com\/index.php?rest_route=\/wp\/v2\/posts\/1179\/revisions"}],"predecessor-version":[{"id":1188,"href":"https:\/\/cebilbilitanos.com\/index.php?rest_route=\/wp\/v2\/posts\/1179\/revisions\/1188"}],"wp:attachment":[{"href":"https:\/\/cebilbilitanos.com\/index.php?rest_route=%2Fwp%2Fv2%2Fmedia&parent=1179"}],"wp:term":[{"taxonomy":"category","embeddable":true,"href":"https:\/\/cebilbilitanos.com\/index.php?rest_route=%2Fwp%2Fv2%2Fcategories&post=1179"},{"taxonomy":"post_tag","embeddable":true,"href":"https:\/\/cebilbilitanos.com\/index.php?rest_route=%2Fwp%2Fv2%2Ftags&post=1179"}],"curies":[{"name":"wp","href":"https:\/\/api.w.org\/{rel}","templated":true}]}}