{"id":1173,"date":"2016-09-17T09:30:25","date_gmt":"2016-09-17T09:30:25","guid":{"rendered":"http:\/\/cebilbilitanos.com\/?p=1173"},"modified":"2016-09-17T09:30:25","modified_gmt":"2016-09-17T09:30:25","slug":"jornada-internacional-baltasar-gracian-2","status":"publish","type":"post","link":"https:\/\/cebilbilitanos.com\/?p=1173","title":{"rendered":"Jornada Internacional Baltasar Graci\u00e1n"},"content":{"rendered":"<p>Francisco Tobajas Gallego<\/p>\n<p>El s\u00e1bado 10 de septiembre de 2016 se celebr\u00f3 una jornada internacional con el tema: La pervivencia de Baltasar Graci\u00e1n desde el siglo XVII hasta la actualidad: un fil\u00f3sofo de ayer para el hombre de hoy, en la que participaron como ponentes Benito Pelegr\u00edn, Andr\u00e9e Mansau y Elena Cantarino.<\/p>\n<p><img decoding=\"async\" loading=\"lazy\" class=\"aligncenter size-full wp-image-1174\" src=\"http:\/\/cebilbilitanos.com\/wp-content\/uploads\/2016\/09\/DSC02327.jpg\" alt=\"DSC02327\" width=\"628\" height=\"471\" srcset=\"https:\/\/cebilbilitanos.com\/wp-content\/uploads\/2016\/09\/DSC02327.jpg 628w, https:\/\/cebilbilitanos.com\/wp-content\/uploads\/2016\/09\/DSC02327-300x225.jpg 300w\" sizes=\"(max-width: 628px) 100vw, 628px\" \/><\/p>\n<p>Esta jornada ha sido organizada por AHERCA, UNED Calatayud, Centro de Estudios Bilbilitanos, Excmo. Ayuntamiento de Calatayud, Comunidad de Calatayud, ARAMIP y ASAVE.<\/p>\n<p>Benito Pelegr\u00edn intervino a primera hora de la ma\u00f1ana con una ponencia titulada \u00abUn fil\u00f3sofo de ayer para hombres de hoy\u00bb. Andr\u00e9e Mansau trat\u00f3 en la suya de \u00abLa r\u00e9ception de Baltasar Graci\u00e1n en France\u00bb. Tras un refrigerio ofrecido por la Asociaci\u00f3n AHERCA, Francisco Tobajas habl\u00f3 sobre Baltasar Graci\u00e1n y su familia, y su relaci\u00f3n con Savi\u00f1\u00e1n, Belmonte, Calatayud, Ateca y Tarazona. A \u00faltima hora de la ma\u00f1ana Elena Cantarino trat\u00f3 en su ponencia sobre \u00abGraci\u00e1n y su influencia en el pensamiento europeo\u00bb.<\/p>\n<p>Clausur\u00f3 esta jornada internacional el alcalde de Calatayud, Jos\u00e9 Manuel Aranda, y el Cronista de Calatayud, Jos\u00e9 Ver\u00f3n Gormaz, que ley\u00f3 un bello poema sobre el destierro de Graci\u00e1n en Graus. Por la tarde los participantes visitaron la bodega de San Alejandro de Miedes y recorrieron las calles de Belmonte.<\/p>\n","protected":false},"excerpt":{"rendered":"<p>Francisco Tobajas Gallego El s\u00e1bado 10 de septiembre de 2016 se celebr\u00f3 una jornada internacional con el tema: La pervivencia de Baltasar Graci\u00e1n desde el siglo XVII hasta la actualidad: un fil\u00f3sofo de ayer para el hombre de hoy, en &hellip; <a href=\"https:\/\/cebilbilitanos.com\/?p=1173\">Sigue leyendo <span class=\"meta-nav\">&rarr;<\/span><\/a><\/p>\n","protected":false},"author":1,"featured_media":0,"comment_status":"open","ping_status":"open","sticky":false,"template":"","format":"standard","meta":[],"categories":[23],"tags":[6,43],"_links":{"self":[{"href":"https:\/\/cebilbilitanos.com\/index.php?rest_route=\/wp\/v2\/posts\/1173"}],"collection":[{"href":"https:\/\/cebilbilitanos.com\/index.php?rest_route=\/wp\/v2\/posts"}],"about":[{"href":"https:\/\/cebilbilitanos.com\/index.php?rest_route=\/wp\/v2\/types\/post"}],"author":[{"embeddable":true,"href":"https:\/\/cebilbilitanos.com\/index.php?rest_route=\/wp\/v2\/users\/1"}],"replies":[{"embeddable":true,"href":"https:\/\/cebilbilitanos.com\/index.php?rest_route=%2Fwp%2Fv2%2Fcomments&post=1173"}],"version-history":[{"count":1,"href":"https:\/\/cebilbilitanos.com\/index.php?rest_route=\/wp\/v2\/posts\/1173\/revisions"}],"predecessor-version":[{"id":1175,"href":"https:\/\/cebilbilitanos.com\/index.php?rest_route=\/wp\/v2\/posts\/1173\/revisions\/1175"}],"wp:attachment":[{"href":"https:\/\/cebilbilitanos.com\/index.php?rest_route=%2Fwp%2Fv2%2Fmedia&parent=1173"}],"wp:term":[{"taxonomy":"category","embeddable":true,"href":"https:\/\/cebilbilitanos.com\/index.php?rest_route=%2Fwp%2Fv2%2Fcategories&post=1173"},{"taxonomy":"post_tag","embeddable":true,"href":"https:\/\/cebilbilitanos.com\/index.php?rest_route=%2Fwp%2Fv2%2Ftags&post=1173"}],"curies":[{"name":"wp","href":"https:\/\/api.w.org\/{rel}","templated":true}]}}