{"id":1073,"date":"2016-06-02T13:53:40","date_gmt":"2016-06-02T13:53:40","guid":{"rendered":"http:\/\/cebilbilitanos.com\/?p=1073"},"modified":"2016-06-02T13:53:40","modified_gmt":"2016-06-02T13:53:40","slug":"x-congreso-de-historia-local","status":"publish","type":"post","link":"https:\/\/cebilbilitanos.com\/?p=1073","title":{"rendered":"X Congreso de Historia Local"},"content":{"rendered":"<p>Los d\u00edas 30 de junio y 1 de julio se celebra en Calatayud el X Congreso de Historia Local en Arag\u00f3n, organizado por la Instituci\u00f3n Fernando el Cat\u00f3lico con la colaboraci\u00f3n del Centro de Estudios Bilbilitanos.<\/p>\n<ul>\n<li><a href=\"http:\/\/ifc.dpz.es\/recursos\/actividades\/0327_XCongrHistoriaLocal_cartel.pdf\">Descarga del cartel<\/a><\/li>\n<li><a href=\"http:\/\/ifc.dpz.es\/recursos\/actividades\/0327_XCongrHistoriaLocal_programa.pdf\">Descarga del\u00a0programa<\/a><\/li>\n<\/ul>\n<p><img decoding=\"async\" loading=\"lazy\" class=\"aligncenter wp-image-1074 size-full\" src=\"http:\/\/cebilbilitanos.com\/wp-content\/uploads\/2016\/06\/HISTORIALOCAL.jpg\" alt=\"HISTORIALOCAL\" width=\"470\" height=\"861\" srcset=\"https:\/\/cebilbilitanos.com\/wp-content\/uploads\/2016\/06\/HISTORIALOCAL.jpg 470w, https:\/\/cebilbilitanos.com\/wp-content\/uploads\/2016\/06\/HISTORIALOCAL-164x300.jpg 164w\" sizes=\"(max-width: 470px) 100vw, 470px\" \/><\/p>\n<p>&nbsp;<\/p>\n","protected":false},"excerpt":{"rendered":"<p>Los d\u00edas 30 de junio y 1 de julio se celebra en Calatayud el X Congreso de Historia Local en Arag\u00f3n, organizado por la Instituci\u00f3n Fernando el Cat\u00f3lico con la colaboraci\u00f3n del Centro de Estudios Bilbilitanos. Descarga del cartel Descarga &hellip; <a href=\"https:\/\/cebilbilitanos.com\/?p=1073\">Sigue leyendo <span class=\"meta-nav\">&rarr;<\/span><\/a><\/p>\n","protected":false},"author":1,"featured_media":0,"comment_status":"open","ping_status":"open","sticky":false,"template":"","format":"standard","meta":[],"categories":[23],"tags":[38,17],"_links":{"self":[{"href":"https:\/\/cebilbilitanos.com\/index.php?rest_route=\/wp\/v2\/posts\/1073"}],"collection":[{"href":"https:\/\/cebilbilitanos.com\/index.php?rest_route=\/wp\/v2\/posts"}],"about":[{"href":"https:\/\/cebilbilitanos.com\/index.php?rest_route=\/wp\/v2\/types\/post"}],"author":[{"embeddable":true,"href":"https:\/\/cebilbilitanos.com\/index.php?rest_route=\/wp\/v2\/users\/1"}],"replies":[{"embeddable":true,"href":"https:\/\/cebilbilitanos.com\/index.php?rest_route=%2Fwp%2Fv2%2Fcomments&post=1073"}],"version-history":[{"count":1,"href":"https:\/\/cebilbilitanos.com\/index.php?rest_route=\/wp\/v2\/posts\/1073\/revisions"}],"predecessor-version":[{"id":1075,"href":"https:\/\/cebilbilitanos.com\/index.php?rest_route=\/wp\/v2\/posts\/1073\/revisions\/1075"}],"wp:attachment":[{"href":"https:\/\/cebilbilitanos.com\/index.php?rest_route=%2Fwp%2Fv2%2Fmedia&parent=1073"}],"wp:term":[{"taxonomy":"category","embeddable":true,"href":"https:\/\/cebilbilitanos.com\/index.php?rest_route=%2Fwp%2Fv2%2Fcategories&post=1073"},{"taxonomy":"post_tag","embeddable":true,"href":"https:\/\/cebilbilitanos.com\/index.php?rest_route=%2Fwp%2Fv2%2Ftags&post=1073"}],"curies":[{"name":"wp","href":"https:\/\/api.w.org\/{rel}","templated":true}]}}