{"id":102,"date":"2013-05-24T16:48:17","date_gmt":"2013-05-24T16:48:17","guid":{"rendered":"http:\/\/cebilbilitanos.com\/?p=102"},"modified":"2015-09-10T17:16:35","modified_gmt":"2015-09-10T17:16:35","slug":"en-calatayud-empezo-todo-2","status":"publish","type":"post","link":"https:\/\/cebilbilitanos.com\/?p=102","title":{"rendered":"En Calatayud empez\u00f3 todo"},"content":{"rendered":"<p>&nbsp;<\/p>\n<div class=\"MsoNormal\" style=\"text-align: justify;\"><span style=\"font-family: 'Times New Roman', serif; font-size: 12pt; line-height: 115%;\">Francisco\u00a0Tobajas Gallego<\/span><\/div>\n<div class=\"MsoNormal\" style=\"text-align: justify;\"><span style=\"font-family: 'Times New Roman','serif'; font-size: 12.0pt; line-height: 115%; mso-ansi-language: ES;\">\u00a0<\/span><\/div>\n<div class=\"MsoNormal\" style=\"text-align: justify;\"><span style=\"font-family: 'Times New Roman','serif'; font-size: 12.0pt; line-height: 115%; mso-ansi-language: ES;\">El pasado 16 de mayo se present\u00f3 en\u00a0<\/span><span style=\"font-family: 'Times New Roman','serif'; font-size: 12.0pt; line-height: 115%; mso-ansi-language: ES;\">Calatayud un curioso e interesante folleto, debido al profesor Jos\u00e9 Luis Corral,\u00a0con largo t\u00edtulo: <i>En Calatayud empez\u00f3\u00a0todo. El Parlamento de 1411. Origen del Compromiso<\/i>, que ha sido editado por\u00a0el Centro de Estudios Bilbilitanos.<\/span><\/div>\n<div class=\"MsoNormal\" style=\"text-align: justify;\"><span style=\"font-family: 'Times New Roman','serif'; font-size: 12.0pt; line-height: 115%; mso-ansi-language: ES;\">\u00a0<\/span><\/div>\n<div class=\"MsoNormal\" style=\"text-align: justify;\"><span style=\"font-family: 'Times New Roman','serif'; font-size: 12.0pt; line-height: 115%; mso-ansi-language: ES;\">El 31 de mayo de 1410 el rey Mart\u00edn\u00a0I muere en el monasterio de Valdoncellas de Barcelona sin heredero. Sin rey, la\u00a0unidad de los Estados que componen la Corona de Arag\u00f3n est\u00e1 en peligro. Por\u00a0ello cada uno de los Estados se pondr\u00e1 manos a la obra para resolver esta\u00a0dif\u00edcil sucesi\u00f3n din\u00e1stica. En Arag\u00f3n el Papa Luna tomar\u00e1 la iniciativa para\u00a0evitar el desgobierno. En el verano de 1410, los catalanes ser\u00e1n convocados por\u00a0su gobernador general a un parlamento en Montblanc el 10 de septiembre, que se\u00a0traslada m\u00e1s tarde a Barcelona. En \u00e9l, los catalanes manifestar\u00e1n su intenci\u00f3n\u00a0de mantener la unidad de la Corona de Arag\u00f3n, enviando embajadores a Arag\u00f3n y\u00a0Valencia para procurar un acuerdo. <\/span><\/div>\n<div class=\"MsoNormal\" style=\"text-align: justify; text-indent: 36.0pt;\"><\/div>\n<div class=\"MsoNormal\" style=\"text-align: justify; text-indent: 36.0pt;\"><span style=\"font-family: 'Times New Roman','serif'; font-size: 12.0pt; line-height: 115%; mso-ansi-language: ES;\">De los candidatos a suceder a Mart\u00edn I, los catalanes\u00a0apoyaban a Jaime de Urgel y los aragoneses al pr\u00edncipe castellano Fernando de\u00a0Trast\u00e1mara. Los valencianos estaban divididos y no ten\u00edan un candidato definido.\u00a0Fernando de Trast\u00e1mara, que acaba de reconquistar Antequera, cuenta con el importante\u00a0apoyo del Papa Luna. Por su parte Jaime de Urgel se autoproclamar\u00e1 leg\u00edtimo\u00a0sucesor de Mart\u00edn I, levant\u00e1ndose en armas para defender sus derechos. En\u00a0Arag\u00f3n cuenta con el apoyo del noble Antonio de Luna, pues la familia de los\u00a0Urrea, sus rivales, apoyan al infante castellano Fernando de Trast\u00e1mara.<\/span><\/div>\n<div class=\"MsoNormal\" style=\"text-align: justify; text-indent: 36.0pt;\"><\/div>\n<div class=\"separator\" style=\"clear: both; text-align: center;\"><a style=\"margin-left: 1em; margin-right: 1em;\" href=\"http:\/\/1.bp.blogspot.com\/-Mr-BpnCZTlQ\/UZ8cvwwldpI\/AAAAAAAAKe4\/myMMLZjhgp4\/s1600\/DSC00993.JPG\"><img decoding=\"async\" src=\"http:\/\/1.bp.blogspot.com\/-Mr-BpnCZTlQ\/UZ8cvwwldpI\/AAAAAAAAKe4\/myMMLZjhgp4\/s1600\/DSC00993.JPG\" alt=\"\" border=\"0\" \/><\/a><\/div>\n<div class=\"MsoNormal\" style=\"text-align: justify; text-indent: 36.0pt;\"><span style=\"font-family: 'Times New Roman','serif'; font-size: 12.0pt; line-height: 115%; mso-ansi-language: ES;\">\u00a0<\/span><\/div>\n<div class=\"MsoNormal\" style=\"text-align: justify;\"><span style=\"font-family: 'Times New Roman','serif'; font-size: 12.0pt; line-height: 115%; mso-ansi-language: ES;\">En 1411 y ante la confusi\u00f3n\u00a0existente en el reino de Arag\u00f3n, el gobernador y lugarteniente del reino de\u00a0Arag\u00f3n, don Gil Ruiz de Lahori, y el Justicia Mayor de Arag\u00f3n, don Juan Jim\u00e9nez\u00a0Cerd\u00e1n, convocan a los aragoneses a un parlamento a celebrar en Calatayud, en\u00a0donde se ha de decidir el procedimiento para la elecci\u00f3n del nuevo rey. El Papa\u00a0Luna favorecer\u00e1 la elecci\u00f3n de Calatayud por varios motivos, tambi\u00e9n por\u00a0querencia personal. Adem\u00e1s, la ciudad tiene capacidad para acoger estas y otras\u00a0reuniones, como son las Cortes del reino, y es frontera con Castilla, de donde\u00a0es el candidato apoyado por Benedicto XIII. Con ello, Calatayud se convertir\u00e1\u00a0en el centro pol\u00edtico del reino de Arag\u00f3n y aun de toda la Corona. <\/span><\/div>\n<div class=\"MsoNormal\" style=\"text-align: justify;\"><span style=\"font-family: 'Times New Roman','serif'; font-size: 12.0pt; line-height: 115%; mso-ansi-language: ES;\">\u00a0<\/span><\/div>\n<div class=\"MsoNormal\" style=\"text-align: justify; text-indent: 36.0pt;\"><span style=\"font-family: 'Times New Roman','serif'; font-size: 12.0pt; line-height: 115%; mso-ansi-language: ES;\">A principios del siglo XV, Calatayud cuenta con una\u00a0poblaci\u00f3n cercana a los 7.000 habitantes. Tras la Guerra de los Dos Pedros, en\u00a0la que Calatayud fue sometida a cuatro meses de asedio con bombardeos de\u00a0bola\u00f1os y otros proyectiles, antes de ser ocupada por las tropas castellanas de\u00a01362 a 1366, la ciudad deber\u00e1 hacer frente a una costosa reparaci\u00f3n de sus\u00a0murallas y defensas. En 1410 ya se han reconstruido los castillos de la Pe\u00f1a,\u00a0el Mayor y el Real, adem\u00e1s de las puertas de la ciudad\u00a0 y los muros del barrio del Santo Sepulcro.\u00a0Calatayud se ha recuperado lentamente de las crisis producidas por las\u00a0epidemias de la peste y de la guerra con Castilla. En 1379 los Sayas y los Li\u00f1\u00e1n\u00a0hab\u00edan firmado un pacto por el que pon\u00edan fin a un siglo de enfrentamientos,\u00a0aunque en el invierno de 1410 las dos familias m\u00e1s poderosas de la ciudad\u00a0retomar\u00e1n sus antiguas peleas y litigios. Los Li\u00f1\u00e1n apoyaban a Jaime de Urgel, buscando\u00a0la ayuda de Ant\u00f3n de Luna para echar de la ciudad a los Sayas, que acabar\u00e1n\u00a0saliendo victoriosos. La\u00a0 tregua entre\u00a0las dos familias se firmar\u00e1 en el monasterio de Santa Clara de Calatayud, donde\u00a0era abadesa do\u00f1a Contesina de Luna, hermana de Benedicto XIII.<\/span><\/div>\n<div class=\"MsoNormal\" style=\"text-align: justify; text-indent: 36.0pt;\"><span style=\"font-family: 'Times New Roman','serif'; font-size: 12.0pt; line-height: 115%; mso-ansi-language: ES;\">\u00a0<\/span><\/div>\n<div class=\"MsoNormal\" style=\"text-align: justify;\"><span style=\"font-family: 'Times New Roman','serif'; font-size: 12.0pt; line-height: 115%; mso-ansi-language: ES;\">\u00a0\u00a0\u00a0\u00a0\u00a0\u00a0\u00a0\u00a0\u00a0\u00a0\u00a0 Benedicto XIII, de acuerdo con el\u00a0gobernador y el Justicia Mayor de Arag\u00f3n, decide acelerar el proceso para la\u00a0elecci\u00f3n de un nuevo rey y el 20 de enero de 1411 se convoca con car\u00e1cter de\u00a0urgencia un parlamento en Calatayud, al que califican como Parlamento general.\u00a0Los nuncios catalanes llegan el d\u00eda 1 de febrero. El d\u00eda 7 lo hacen el\u00a0gobernador y el Justicia de Arag\u00f3n y el 8 se constituye el Parlamento de\u00a0Calatayud, que presidir\u00e1n el gobernador y el Justicia Mayor de Arag\u00f3n en la\u00a0iglesia de San Pedro de los Francos.\u00a0<\/span><\/div>\n<div class=\"MsoNormal\" style=\"text-align: justify;\"><\/div>\n<div class=\"MsoNormal\" style=\"text-align: justify;\"><span style=\"font-family: 'Times New Roman','serif'; font-size: 12.0pt; line-height: 115%; mso-ansi-language: ES;\">\u00a0 \u00a0 \u00a0 \u00a0 \u00a0 \u00a0A esto, Antonio de Luna se dirige a\u00a0Calatayud con gente de armas, con la intenci\u00f3n de tomar los tres castillos del\u00a0recinto amurallado. A tres millas de la ciudad acampan. El gobernador de Arag\u00f3n\u00a0manda cerrar las puertas de la ciudad, para garantizar la libertad de decisi\u00f3n\u00a0de los parlamentarios. Los vecinos de la ciudad forman patrullas armadas para\u00a0garantizar el orden p\u00fablico y defender los principales puntos del recinto\u00a0amurallado. Desde los campanarios los vig\u00edas observan, para avisar a la ciudad\u00a0de cualquier movimiento de tropas.<\/span><\/div>\n<div class=\"MsoNormal\" style=\"text-align: justify;\"><span style=\"font-family: 'Times New Roman','serif'; font-size: 12.0pt; line-height: 115%; mso-ansi-language: ES;\">\u00a0<\/span><\/div>\n<div class=\"MsoNormal\" style=\"text-align: justify;\"><span style=\"font-family: 'Times New Roman','serif'; font-size: 12.0pt; line-height: 115%; mso-ansi-language: ES;\">\u00a0\u00a0\u00a0\u00a0\u00a0\u00a0\u00a0\u00a0\u00a0\u00a0\u00a0 Los embajadores de Catalu\u00f1a abandonan\u00a0la ciudad para entrevistarse con Antonio de Luna, consiguiendo que sus tropas\u00a0se retiren de los alrededores de Calatayud. Sin la amenaza de estas tropas, el\u00a0parlamento de Calatayud contin\u00faa con sus deliberaciones. Su presidente propone\u00a0la elecci\u00f3n de nueve personas para que preparen la celebraci\u00f3n de un Parlamento\u00a0general de toda la Corona de Arag\u00f3n, donde se resuelva el derecho a la sucesi\u00f3n\u00a0al trono. Los elegidos representar\u00e1n a los cuatro brazos presentes en las\u00a0Cortes de Arag\u00f3n: brazo eclesi\u00e1stico, nobles, caballeros e infanzones, y\u00a0universidades. En total ocho, m\u00e1s el jurista Berenguer de Bardaxi, elegido por\u00a0acuerdo de todos. Los valencianos enviar\u00e1n tambi\u00e9n a dos embajadores.<\/span><\/div>\n<div class=\"MsoNormal\" style=\"text-align: justify;\"><span style=\"font-family: 'Times New Roman','serif'; font-size: 12.0pt; line-height: 115%; mso-ansi-language: ES;\">\u00a0<\/span><\/div>\n<div class=\"MsoNormal\" style=\"text-align: justify;\"><span style=\"font-family: 'Times New Roman','serif'; font-size: 12.0pt; line-height: 115%; mso-ansi-language: ES;\">\u00a0\u00a0\u00a0\u00a0\u00a0\u00a0\u00a0\u00a0\u00a0\u00a0\u00a0 Durante los meses de febrero, marzo,\u00a0abril y mayo, las negociaciones de los parlamentarios se suceden. Los cuatro\u00a0brazos se re\u00fanen por separado antes de las sesiones plenarias, en las que no\u00a0consiguen acordar nada en concreto. El arzobispo de Zaragoza, Garc\u00eda Fern\u00e1ndez\u00a0de Heredia, pacta con los embajadores de Valencia y Catalu\u00f1a celebrar un\u00a0Parlamento general de los tres estados donde se elija al nuevo rey. Pero el 28\u00a0de mayo se produce un grave desencuentro entre los nueve parlamentarios\u00a0aragoneses, reunidos en el palacio episcopal de Calatayud. El obispo de\u00a0Tarazona se opone a que el futuro Parlamento general lo presida un\u00a0representante de Catalu\u00f1a. El 31 de mayo el Parlamento celebra su \u00faltima sesi\u00f3n\u00a0y el d\u00eda 1 de junio se despiden y clausuran aquel primer encuentro. Esa misma\u00a0ma\u00f1ana se decide que Arag\u00f3n, Valencia y Catalu\u00f1a celebren sendos parlamentos\u00a0por separado, pero nada se aprueba de la convocatoria de un Parlamento general\u00a0de los tres Estados. Todos parten de Calatayud. El arzobispo de Zaragoza ser\u00e1\u00a0interceptado y asesinado en los alrededores de La Almunia por hombres de\u00a0Antonio de Luna.<\/span><\/div>\n<div class=\"MsoNormal\" style=\"text-align: justify;\"><span style=\"font-family: 'Times New Roman','serif'; font-size: 12.0pt; line-height: 115%; mso-ansi-language: ES;\">\u00a0<\/span><\/div>\n<div class=\"MsoNormal\" style=\"text-align: justify;\"><span style=\"font-family: 'Times New Roman','serif'; font-size: 12.0pt; line-height: 115%; mso-ansi-language: ES;\">\u00a0\u00a0\u00a0\u00a0\u00a0\u00a0\u00a0\u00a0\u00a0\u00a0\u00a0 Tras el Parlamento de Calatayud, los\u00a0delegados aragoneses volver\u00e1n a reunirse en Alca\u00f1iz, donde en febrero de 1412 celebrar\u00e1n\u00a0la Concordia que conducir\u00e1 a la aprobaci\u00f3n del procedimiento de elecci\u00f3n del\u00a0nuevo rey de la Corona. Los valencianos se reunir\u00e1n en Morella y los catalanes de\u00a0Tortosa. Los aragoneses, pecando esta vez de soberbia, proclamaron que si no se\u00a0llegaba a ning\u00fan acuerdo, Arag\u00f3n decidir\u00eda el nuevo rey, \u00abcomo cabeza de los\u00a0otros reinos y tierras de la real Corona de Arag\u00f3n\u00bb.<\/span><\/div>\n<div class=\"MsoNormal\" style=\"text-align: justify;\"><span style=\"font-family: 'Times New Roman','serif'; font-size: 12.0pt; line-height: 115%; mso-ansi-language: ES;\">\u00a0<\/span><\/div>\n<div class=\"MsoNormal\" style=\"text-align: justify;\"><span style=\"font-family: 'Times New Roman','serif'; font-size: 12.0pt; line-height: 115%; mso-ansi-language: ES;\">\u00a0\u00a0\u00a0\u00a0\u00a0\u00a0\u00a0\u00a0\u00a0\u00a0\u00a0 En junio de 1412, los nueve\u00a0compromisarios, tres por cada uno de los tres reinos y estados, se reunir\u00e1n en\u00a0la villa de Caspe, donde decidir\u00e1n por mayor\u00eda absoluta de seis votos que\u00a0Fernando de Antequera sea rey de la Corona de Arag\u00f3n. Los cronistas dir\u00e1n de\u00a0aquello que fue \u00abel mayor asunto jam\u00e1s acometido por los hombres de letras para\u00a0determinar una causa por la v\u00eda del derecho y la Justicia\u00bb.<\/span><\/div>\n<div class=\"MsoNormal\" style=\"text-align: justify;\"><span style=\"font-family: 'Times New Roman','serif'; font-size: 12.0pt; line-height: 115%; mso-ansi-language: ES;\">\u00a0<\/span><\/div>\n<div class=\"MsoNormal\" style=\"text-align: justify;\"><span style=\"font-family: 'Times New Roman','serif'; font-size: 12.0pt; line-height: 115%; mso-ansi-language: ES;\">\u00a0\u00a0\u00a0\u00a0\u00a0\u00a0\u00a0\u00a0\u00a0\u00a0\u00a0 En febrero de 1414 Fernando de\u00a0Antequera ser\u00e1 coronado rey de la Corona de Arag\u00f3n en La Seo de Zaragoza. Jos\u00e9\u00a0Luis Corral escribe: \u00abPor primera vez en la historia de la humanidad, miembros\u00a0de tres territorios soberanos\u00a0 (Arag\u00f3n,\u00a0Catalu\u00f1a y Valencia), sumidos en una enorme crisis din\u00e1stica y sucesoria,\u00a0decidieron seguir juntos, elegir a un monarca en com\u00fan y hacerlo mediante un\u00a0arbitraje pactado cuyo veredicto, fuera el que fuese, se comprometieron a\u00a0<\/span><span style=\"font-family: 'Times New Roman','serif'; font-size: 12.0pt; line-height: 115%; mso-ansi-language: ES;\">asumir todas las partes\u00bb. Todo aquel largo proceso, que culminar\u00eda en el\u00a0Compromiso de Caspe, comenz\u00f3 en la ciudad de Calatayud en febrero de 1411.\u00a0<\/span><\/div>\n<div class=\"MsoNormal\" style=\"text-align: justify;\"><span style=\"font-family: 'Times New Roman','serif'; font-size: 12.0pt; line-height: 115%; mso-ansi-language: ES;\">\u00a0<\/span><\/div>\n<div class=\"MsoNormal\" style=\"text-align: justify;\"><span style=\"font-family: 'Times New Roman','serif'; font-size: 12.0pt; line-height: 115%; mso-ansi-language: ES;\">\u00a0\u00a0\u00a0\u00a0\u00a0\u00a0\u00a0\u00a0\u00a0\u00a0\u00a0 Al final de acto, el presidente del\u00a0Centro de Estudios Bilbilitanos, Manuel Micheto, impuso la insignia del Centro\u00a0al nuevo consejero Jos\u00e9 Luis Corral Lafuente, que confirm\u00f3 su disposici\u00f3n a\u00a0seguir trabajando por Calatayud y por el Centro de Estudios Bilbilitanos, como\u00a0viene haciendo ya desde hace largos a\u00f1os.<\/span><\/div>\n","protected":false},"excerpt":{"rendered":"<p>&nbsp; Francisco\u00a0Tobajas Gallego \u00a0 El pasado 16 de mayo se present\u00f3 en\u00a0Calatayud un curioso e interesante folleto, debido al profesor Jos\u00e9 Luis Corral,\u00a0con largo t\u00edtulo: En Calatayud empez\u00f3\u00a0todo. El Parlamento de 1411. Origen del Compromiso, que ha sido editado por\u00a0el &hellip; <a href=\"https:\/\/cebilbilitanos.com\/?p=102\">Sigue leyendo <span class=\"meta-nav\">&rarr;<\/span><\/a><\/p>\n","protected":false},"author":1,"featured_media":0,"comment_status":"open","ping_status":"open","sticky":false,"template":"","format":"standard","meta":[],"categories":[23],"tags":[6,17,10,11],"_links":{"self":[{"href":"https:\/\/cebilbilitanos.com\/index.php?rest_route=\/wp\/v2\/posts\/102"}],"collection":[{"href":"https:\/\/cebilbilitanos.com\/index.php?rest_route=\/wp\/v2\/posts"}],"about":[{"href":"https:\/\/cebilbilitanos.com\/index.php?rest_route=\/wp\/v2\/types\/post"}],"author":[{"embeddable":true,"href":"https:\/\/cebilbilitanos.com\/index.php?rest_route=\/wp\/v2\/users\/1"}],"replies":[{"embeddable":true,"href":"https:\/\/cebilbilitanos.com\/index.php?rest_route=%2Fwp%2Fv2%2Fcomments&post=102"}],"version-history":[{"count":3,"href":"https:\/\/cebilbilitanos.com\/index.php?rest_route=\/wp\/v2\/posts\/102\/revisions"}],"predecessor-version":[{"id":105,"href":"https:\/\/cebilbilitanos.com\/index.php?rest_route=\/wp\/v2\/posts\/102\/revisions\/105"}],"wp:attachment":[{"href":"https:\/\/cebilbilitanos.com\/index.php?rest_route=%2Fwp%2Fv2%2Fmedia&parent=102"}],"wp:term":[{"taxonomy":"category","embeddable":true,"href":"https:\/\/cebilbilitanos.com\/index.php?rest_route=%2Fwp%2Fv2%2Fcategories&post=102"},{"taxonomy":"post_tag","embeddable":true,"href":"https:\/\/cebilbilitanos.com\/index.php?rest_route=%2Fwp%2Fv2%2Ftags&post=102"}],"curies":[{"name":"wp","href":"https:\/\/api.w.org\/{rel}","templated":true}]}}