{"id":949,"date":"2016-04-09T18:45:45","date_gmt":"2016-04-09T18:45:45","guid":{"rendered":"http:\/\/cebilbilitanos.com\/?p=949"},"modified":"2016-04-10T09:40:35","modified_gmt":"2016-04-10T09:40:35","slug":"visitas-a-a-sede-del-ceb","status":"publish","type":"post","link":"http:\/\/cebilbilitanos.com\/?p=949","title":{"rendered":"Visitas a a sede del CEB"},"content":{"rendered":"<p>Esta ma\u00f1ana han comenzado las visitas a la sede del Centro de Estudios Bilbilitanos en la Puerta de Terrer; desde las 10 de la ma\u00f1ana, y en turnos de media hora, se han sucedido hasta once tandas de visitas guiadas por el presidente, el vicepresidente o alguno de los consejeros y consejeras miembros de la comisi\u00f3n permanente del CEB .<\/p>\n<p><a href=\"http:\/\/cebilbilitanos.com\/wp-content\/uploads\/2016\/03\/c30d1302-9e8d-4a1e-b42d-00ac33f253dc.jpg\"><img decoding=\"async\" loading=\"lazy\" class=\"aligncenter size-full wp-image-891\" src=\"http:\/\/cebilbilitanos.com\/wp-content\/uploads\/2016\/03\/c30d1302-9e8d-4a1e-b42d-00ac33f253dc.jpg\" alt=\"c30d1302-9e8d-4a1e-b42d-00ac33f253dc\" width=\"570\" height=\"815\" srcset=\"http:\/\/cebilbilitanos.com\/wp-content\/uploads\/2016\/03\/c30d1302-9e8d-4a1e-b42d-00ac33f253dc.jpg 570w, http:\/\/cebilbilitanos.com\/wp-content\/uploads\/2016\/03\/c30d1302-9e8d-4a1e-b42d-00ac33f253dc-210x300.jpg 210w\" sizes=\"(max-width: 570px) 100vw, 570px\" \/><\/a><\/p>\n<p>El recorrido de media hora de duraci\u00f3n, comienza en el \u00e1tico de los torreones, la sala noble o de reuniones donde puede contemplarse una <a href=\"http:\/\/cebilbilitanos.com\/?p=900\">exposici\u00f3n de \u00abcarirretratos\u00bb<\/a>\u00a0(que permanecer\u00e1 colgada los meses de abril y mayo)\u00a0obra de \u00c1ngel Montero C\u00f3rdoba, consejero del CEB recientemente fallecido. Tras contemplar la vista desde la terraza (adornada por los tiestos cedidos por los amigos de AMIBIL) de un Calatayud poco visto y despu\u00e9s de hacer un recorrido cronol\u00f3gico por los carteles de los encuentros, simposios y jornadas organizados por el CEB mientras se desciende una planta, se llega a la zona de administraci\u00f3n, donde se visita, adem\u00e1s de la secretar\u00eda, el despacho de direcci\u00f3n y uno de los almacenes de publicaciones.<\/p>\n<p>En este y en otros espacios, pueden contemplarse obras de artistas bilbilitanos como Mariano Rubio, Rafael Campos, Jes\u00fas Solanas o Juan Cruz Melero y de otros pintores como Joaquina Zamora o Espinosa.<\/p>\n<p>En la primera planta, y tras descender\u00a0una muestra de\u00a0fot\u00f3grafos bilbilitanos, llegamos a la sala que est\u00e1 encima del arco rebajado, con tres\u00a0o cuatro\u00a0peque\u00f1os tesoros: uno de los primeros libros que imprimieron las imprentas bilbilitanas, restos de cer\u00e1mica de la desaparecida San Pedro M\u00e1rtir, ediciones de algunas revistas de la edad de oro period\u00edstica de la ciudad o maderas de \u00e9poca califal, am\u00e9n de m\u00e1quinas de escribir que bien pudieron inspirar algunas p\u00e1ginas bilbilitanas. Antes de descender a la calle acompa\u00f1ados de im\u00e1genes captadas por Rafael Larrea, la biblioteca es la \u00faltima estaci\u00f3n, donde culmina un recorrido acompa\u00f1ado de libros: los calatayub\u00edes en la planta alta, los de otros centros de estudios y los comarcanos en la antesala y los aragoneses en la sala de lectura. Al fin y al cabo, estudiar, investigar y publicar sobre Calatayud y comarca es la raz\u00f3n de ser del CEB.<\/p>\n<p><a href=\"http:\/\/cebilbilitanos.com\/?p=890\">Las visitas<\/a> continuar\u00e1n ma\u00f1ana domingo 10 de abril y los d\u00edas 16 y 17 de abril (fin de semana pr\u00f3ximo).<\/p>\n","protected":false},"excerpt":{"rendered":"<p>Esta ma\u00f1ana han comenzado las visitas a la sede del Centro de Estudios Bilbilitanos en la Puerta de Terrer; desde las 10 de la ma\u00f1ana, y en turnos de media hora, se han sucedido hasta once tandas de visitas guiadas &hellip; <a href=\"http:\/\/cebilbilitanos.com\/?p=949\">Sigue leyendo <span class=\"meta-nav\">&rarr;<\/span><\/a><\/p>\n","protected":false},"author":1,"featured_media":0,"comment_status":"open","ping_status":"open","sticky":false,"template":"","format":"standard","meta":[],"categories":[28,23],"tags":[34],"_links":{"self":[{"href":"http:\/\/cebilbilitanos.com\/index.php?rest_route=\/wp\/v2\/posts\/949"}],"collection":[{"href":"http:\/\/cebilbilitanos.com\/index.php?rest_route=\/wp\/v2\/posts"}],"about":[{"href":"http:\/\/cebilbilitanos.com\/index.php?rest_route=\/wp\/v2\/types\/post"}],"author":[{"embeddable":true,"href":"http:\/\/cebilbilitanos.com\/index.php?rest_route=\/wp\/v2\/users\/1"}],"replies":[{"embeddable":true,"href":"http:\/\/cebilbilitanos.com\/index.php?rest_route=%2Fwp%2Fv2%2Fcomments&post=949"}],"version-history":[{"count":3,"href":"http:\/\/cebilbilitanos.com\/index.php?rest_route=\/wp\/v2\/posts\/949\/revisions"}],"predecessor-version":[{"id":957,"href":"http:\/\/cebilbilitanos.com\/index.php?rest_route=\/wp\/v2\/posts\/949\/revisions\/957"}],"wp:attachment":[{"href":"http:\/\/cebilbilitanos.com\/index.php?rest_route=%2Fwp%2Fv2%2Fmedia&parent=949"}],"wp:term":[{"taxonomy":"category","embeddable":true,"href":"http:\/\/cebilbilitanos.com\/index.php?rest_route=%2Fwp%2Fv2%2Fcategories&post=949"},{"taxonomy":"post_tag","embeddable":true,"href":"http:\/\/cebilbilitanos.com\/index.php?rest_route=%2Fwp%2Fv2%2Ftags&post=949"}],"curies":[{"name":"wp","href":"https:\/\/api.w.org\/{rel}","templated":true}]}}