{"id":894,"date":"2016-03-21T11:42:00","date_gmt":"2016-03-21T11:42:00","guid":{"rendered":"http:\/\/cebilbilitanos.com\/?p=894"},"modified":"2016-04-03T15:50:28","modified_gmt":"2016-04-03T15:50:28","slug":"presentacion-de-dvd-el-entierro-de-cristo","status":"publish","type":"post","link":"http:\/\/cebilbilitanos.com\/?p=894","title":{"rendered":"Presentaci\u00f3n de DVD \u00abEl entierro de Cristo\u00bb."},"content":{"rendered":"<p>EL ENTIERRO DE CRISTO. CINCUENTA A\u00d1OS DE LA FILMACI\u00d3N DE LA PROCESI\u00d3N DEL SANTO ENTIERRO (1965-2015)<\/p>\n<p>Francisco Tobajas Gallego<\/p>\n<p>El jueves 17 de marzo de 2016 tuvo lugar en el Teatro Capitol de Calatayud, la presentaci\u00f3n y proyecci\u00f3n del DVD <em>El Entierro de Cristo. Cincuenta aniversario de la filmaci\u00f3n de la Procesi\u00f3n del Santo Entierro (1965-2015). Una tradici\u00f3n secular que se renueva cada a\u00f1o<\/em>, que ha sido editado por el Centro de Estudios Bilbilitanos.<\/p>\n<p>Jos\u00e9 \u00c1ngel Urazy Barrios, Presidente del CEB, se\u00f1al\u00f3 en el acto de presentaci\u00f3n, que la procesi\u00f3n del Santo Entierro representaba la \u00absinergia de todo un pueblo\u00bb y un enorme, sucesivo y continuado esfuerzo de varias generaciones de bilbilitanos. Agradeci\u00f3 la labor realizada por los hermanos Lorenzo de la Mata, la disposici\u00f3n de Jos\u00e9 Prieto, responsable del dise\u00f1o y la maquetaci\u00f3n del DVD, y al Excmo. Ayuntamiento de Calatayud, por haber puesto el Teatro Capitol a disposici\u00f3n de los organizadores y asistentes. En este acto, el Presidente del CEB entreg\u00f3 el relevo del Preg\u00f3n de Semana Santa a la Junta Mayor de Semana Santa de Calatayud.<\/p>\n<p><a href=\"http:\/\/cebilbilitanos.com\/wp-content\/uploads\/2016\/03\/DSC02021.jpg\"><img decoding=\"async\" loading=\"lazy\" class=\"aligncenter size-full wp-image-896\" src=\"http:\/\/cebilbilitanos.com\/wp-content\/uploads\/2016\/03\/DSC02021.jpg\" alt=\"DSC02021\" width=\"700\" height=\"541\" srcset=\"http:\/\/cebilbilitanos.com\/wp-content\/uploads\/2016\/03\/DSC02021.jpg 700w, http:\/\/cebilbilitanos.com\/wp-content\/uploads\/2016\/03\/DSC02021-300x232.jpg 300w\" sizes=\"(max-width: 700px) 100vw, 700px\" \/><\/a><\/p>\n<p>En esta ocasi\u00f3n, el Preg\u00f3n de Semana Santa 2016 corri\u00f3 a cargo de Sebasti\u00e1n G\u00f3mez Moreno, Presidente de la Junta Mayor de la Semana Santa de Calatayud y hermano de la Hermandad de San Pedro y el Gallo. Sebasti\u00e1n G\u00f3mez se\u00f1al\u00f3 que se enfrentaba a este preg\u00f3n de Semana Santa con alegr\u00eda y compromiso.<\/p>\n<p>Sebasti\u00e1n G\u00f3mez Moreno, hijo de extreme\u00f1os, naci\u00f3 en Calatayud en 1965. Es Ingeniero T\u00e9cnico Superior de Informatica y realiza su trabajo en la Academia de Log\u00edstica de Calatayud. Desde el a\u00f1o 2014 es Presidente de la Junta Mayor de Semana Santa de Calatayud. Esta Junta Mayor la componen trece Cofrad\u00edas y Hermandades, que se enfrentan todos los a\u00f1os a cuarenta d\u00edas de trabajo, penitencia y preparaci\u00f3n, que culminan con los actos de la Semana Santa, todo un homenaje a nuestros mayores, que nos han legado esta hermosa tradici\u00f3n. Invit\u00f3 a todos los presentes a vivir y a sentir los actos de la Semana Santa, en este A\u00f1o Jubilar de la Misericordia.<\/p>\n<p>El Centro de Estudios Bilbilitanos se cre\u00f3 el 28 de febrero de 1954, siendo el impulsor y aglutinador de varias actividades culturales, relacionadas con el canto coral, el cine, el teatro y la pintura. El grupo de cine del CEB reuni\u00f3 a un grupo de bilbilitanos aficionados al cine amateur, que llevaron a cabo una serie de documentales sobre Calatayud. Entre ellos destaca la filmaci\u00f3n el 16 de abril de 1965 de la Procesi\u00f3n del Entierro de Cristo, que se viene celebrando cada Viernes Santo en Calatayud. Aquel a\u00f1o se film\u00f3 esta procesi\u00f3n con cinco c\u00e1maras Super 8, a cargo de Jos\u00e9 Luis Dom\u00ednguez, Jos\u00e9 Mar\u00eda Gaspar, Rafael Mar\u00edn, Fernando Marmol y Jos\u00e9 Ver\u00f3n. La sincronizaci\u00f3n de sonido se debi\u00f3 a Joaqu\u00edn de la Mata, la sonorizaci\u00f3n a Radio Juventud de Calatayud y el gui\u00f3n y los textos a Luis Andr\u00e9s, contando con las voces de M\u00aa Paz Saura, Vicente Bonel y Ram\u00f3n S\u00e1nchez, que recit\u00f3 los poemas elegidos para la ocasi\u00f3n. En los t\u00edtulos de cr\u00e9dito intervinieron Rubio Vergara, Gaspar Graci\u00e1n y Gr\u00e1ficas Ruiz.<\/p>\n<p>Esta filmaci\u00f3n es el \u00fanico documento hist\u00f3rico, que recoge \u00edntegra toda la Procesi\u00f3n del Entierro de Cristo, que entonces culminaba en la Plaza del Fuerte. Representa un testimonio etnogr\u00e1fico de primer orden, pues en ella quedan registradas im\u00e1genes, personas, modos de vida, costumbres, sentimientos y recuerdos de la ciudad.<\/p>\n<p>Radio Juventud de Calatayud hab\u00eda comenzado a emitir en 1962, bajo la direcci\u00f3n de Fernando Marmol. Esta emisora pertenec\u00eda a la Cadena Azul de Radiodifusi\u00f3n, que depend\u00eda de la Secretar\u00eda General del Movimiento. En el a\u00f1o 1969 la emisora pas\u00f3 a ser municipal, cambiando el nombre por el de Radio Calatayud- La Voz del Jal\u00f3n. Desapareci\u00f3 en 1971.<\/p>\n<p>El DVD presentado el pasado jueves consta de tres partes. En el pr\u00f3logo, Francisco Javier Lorenzo de la Mata, explica la filmaci\u00f3n realizada en 1965, con su significado social, donde se incluyen unas interesantes vistas de Calatayud.<\/p>\n<p>Esta Procesi\u00f3n del Entierro de Cristo de Calatayud es una de las procesiones m\u00e1s antiguas de Espa\u00f1a. Sus inicios se remontan al siglo XV, cuando en la iglesia del convento de San Francisco de Calatayud se representaba cada Viernes Santo un auto sacramental, a cargo de la Orden Tercera de San Francisco de As\u00eds. El Concilio de Trento facilitar\u00eda la puesta en marcha de la Procesi\u00f3n del Santo Entierro, que terminaba en la Plaza Mayor de la ciudad de Calatayud.<\/p>\n<p>Al cumplirse el 50\u00ba aniversario de esta filmaci\u00f3n en el a\u00f1o 2015, se quiso filmar de nuevo la Procesi\u00f3n del Entierro de Cristo, utilizando varias c\u00e1maras, como hab\u00eda ocurrido en 1965. Pero solamente se utiliz\u00f3 una, como si fuera una persona que observa el recorrido de las Cofrad\u00edas y Hermandades en esta Procesi\u00f3n de Viernes Santo, pues el recorrido actual no sigue el mismo sentido que el filmado en 1965. La grabaci\u00f3n, realizada el 3 de abril de 2015, y el montaje de esta nueva filmaci\u00f3n se debe a Jes\u00fas Lorenzo de la Mata.<\/p>\n<p>La organizaci\u00f3n y puesta en marcha de esta Procesi\u00f3n del Entierro de Cristo, requiere aunar muchas voluntades e involucrar en ella a todos los bilbilitanos. Su puesta en escena representa un esfuerzo colectivo de primer orden, que se trasmite de generaci\u00f3n en generaci\u00f3n, por tradici\u00f3n familiar. En ella tienen cabida los m\u00e1s importantes personajes del Antiguo Testamento y las escenas m\u00e1s representativas de la Pasi\u00f3n de Cristo, desde su entrada triunfal en Jerusal\u00e9n, hasta su muerte y entierro. A todo ello se une la vestimenta, las luminarias, los tambores, los bombos y las trompetas. Esta procesi\u00f3n culmina en la Plaza del Mercado, con la Escenificaci\u00f3n del Santo Entierro.<\/p>\n<p>El itinerario tradicional de la procesi\u00f3n comienza en la iglesia de San Juan. Sigue por la R\u00faa, Plaza del Fuerte y Paseo Cortes de Arag\u00f3n, para torcer hacia la plaza de San Francisco, Plaza Costa y, por la Bodeguilla, dar con la Plaza del Mercado, para regresar de nuevo a San Juan. La Procesi\u00f3n del Santo Entierro, declarada de Inter\u00e9s Tur\u00edstico Regional, ha sufrido con el paso del tiempo sus correspondientes altibajos, pero actualmente pasa por un periodo de revitalizaci\u00f3n y puesta en valor. Estas dos grabaciones, separadas por medio siglo de vida, representan un testimonio visual \u00fanico y representativo de la historia de la ciudad de Calatayud, en las que participaron centenares de voluntarios, unidos en el tiempo por los sentimientos y la tradici\u00f3n.<\/p>\n<p>&nbsp;<\/p>\n","protected":false},"excerpt":{"rendered":"<p>EL ENTIERRO DE CRISTO. CINCUENTA A\u00d1OS DE LA FILMACI\u00d3N DE LA PROCESI\u00d3N DEL SANTO ENTIERRO (1965-2015) Francisco Tobajas Gallego El jueves 17 de marzo de 2016 tuvo lugar en el Teatro Capitol de Calatayud, la presentaci\u00f3n y proyecci\u00f3n del DVD &hellip; <a href=\"http:\/\/cebilbilitanos.com\/?p=894\">Sigue leyendo <span class=\"meta-nav\">&rarr;<\/span><\/a><\/p>\n","protected":false},"author":1,"featured_media":0,"comment_status":"open","ping_status":"open","sticky":false,"template":"","format":"standard","meta":[],"categories":[28,23,30],"tags":[6,12,37,4,7,10,11],"_links":{"self":[{"href":"http:\/\/cebilbilitanos.com\/index.php?rest_route=\/wp\/v2\/posts\/894"}],"collection":[{"href":"http:\/\/cebilbilitanos.com\/index.php?rest_route=\/wp\/v2\/posts"}],"about":[{"href":"http:\/\/cebilbilitanos.com\/index.php?rest_route=\/wp\/v2\/types\/post"}],"author":[{"embeddable":true,"href":"http:\/\/cebilbilitanos.com\/index.php?rest_route=\/wp\/v2\/users\/1"}],"replies":[{"embeddable":true,"href":"http:\/\/cebilbilitanos.com\/index.php?rest_route=%2Fwp%2Fv2%2Fcomments&post=894"}],"version-history":[{"count":3,"href":"http:\/\/cebilbilitanos.com\/index.php?rest_route=\/wp\/v2\/posts\/894\/revisions"}],"predecessor-version":[{"id":899,"href":"http:\/\/cebilbilitanos.com\/index.php?rest_route=\/wp\/v2\/posts\/894\/revisions\/899"}],"wp:attachment":[{"href":"http:\/\/cebilbilitanos.com\/index.php?rest_route=%2Fwp%2Fv2%2Fmedia&parent=894"}],"wp:term":[{"taxonomy":"category","embeddable":true,"href":"http:\/\/cebilbilitanos.com\/index.php?rest_route=%2Fwp%2Fv2%2Fcategories&post=894"},{"taxonomy":"post_tag","embeddable":true,"href":"http:\/\/cebilbilitanos.com\/index.php?rest_route=%2Fwp%2Fv2%2Ftags&post=894"}],"curies":[{"name":"wp","href":"https:\/\/api.w.org\/{rel}","templated":true}]}}