{"id":3026,"date":"2022-11-17T16:15:05","date_gmt":"2022-11-17T15:15:05","guid":{"rendered":"http:\/\/cebilbilitanos.com\/?p=3026"},"modified":"2022-11-17T16:15:05","modified_gmt":"2022-11-17T15:15:05","slug":"patrimonio-y-restauracion-en-calatayud-santa-maria-doce-anos-despues","status":"publish","type":"post","link":"http:\/\/cebilbilitanos.com\/?p=3026","title":{"rendered":"Patrimonio y restauraci\u00f3n en Calatayud: Santa Mar\u00eda, doce a\u00f1os despu\u00e9s"},"content":{"rendered":"\n<p>Durante los d\u00edas 24 y 25 de noviembre se desarrollar\u00e1 el curso interdisciplinar \u00abPatrimonio y restauraci\u00f3n en Calatayud: Santa Mar\u00eda, doce a\u00f1os despu\u00e9s\u00bb organizado por la UNED y el Ayuntamiento de Calatayud y en el que colabora el Centro de Estudios Bilbilitanos.<\/p>\n\n\n\n<figure class=\"wp-block-image size-large\"><a href=\"http:\/\/cebilbilitanos.com\/wp-content\/uploads\/2022\/11\/315269184_465734538955204_2063449405985507915_n.jpg\"><img decoding=\"async\" loading=\"lazy\" width=\"724\" height=\"1024\" src=\"http:\/\/cebilbilitanos.com\/wp-content\/uploads\/2022\/11\/315269184_465734538955204_2063449405985507915_n-724x1024.jpg\" alt=\"\" class=\"wp-image-3027\" srcset=\"http:\/\/cebilbilitanos.com\/wp-content\/uploads\/2022\/11\/315269184_465734538955204_2063449405985507915_n-724x1024.jpg 724w, http:\/\/cebilbilitanos.com\/wp-content\/uploads\/2022\/11\/315269184_465734538955204_2063449405985507915_n-212x300.jpg 212w, http:\/\/cebilbilitanos.com\/wp-content\/uploads\/2022\/11\/315269184_465734538955204_2063449405985507915_n-768x1087.jpg 768w, http:\/\/cebilbilitanos.com\/wp-content\/uploads\/2022\/11\/315269184_465734538955204_2063449405985507915_n.jpg 1080w\" sizes=\"(max-width: 724px) 100vw, 724px\" \/><\/a><\/figure>\n\n\n\n<p>El curso est\u00e1 dirigido por&nbsp;Fernando Alegre Arbu\u00e9s, Arquitecto, responsable del Plan director para la restauraci\u00f3n de la colegiata de Santa Mar\u00eda de Calatayud y Director t\u00e9cnico de las obras; Javier Ib\u00e1\u00f1ez Fern\u00e1ndez, Catedr\u00e1tico de Historia del Arte de la Universidad de Zaragoza y Alicia C\u00e1mara Mu\u00f1oz, Catedr\u00e1tica de Historia del Arte de la UNED.<\/p>\n\n\n\n<p>El ciclo se programa para dos jornadas, divididas a su vez en dos sesiones (ma\u00f1ana y tarde). Pretende dar a conocer el trabajo realizado, metodolog\u00eda, criterios y t\u00e9cnicas, a un nivel accesible, con fuerte soporte visual, que permita su f\u00e1cil comprensi\u00f3n sin prescindir del rigor necesario.&nbsp;<\/p>\n\n\n\n<p>El hilo conductor ser\u00e1 la evoluci\u00f3n del conocimiento del monumento, desde el que pose\u00edamos en el inicio hasta el enriquecido a trav\u00e9s de la propia obra de restauraci\u00f3n y la valoraci\u00f3n y encuadre actuales.&nbsp;<\/p>\n\n\n\n<p>Los ponentes y comunicantes ser\u00e1n los t\u00e9cnicos y profesionales que han contribuido a su realizaci\u00f3n material y a la investigaci\u00f3n sobre su compleja y rica historia constructiva.&nbsp;<\/p>\n\n\n\n<p>Programa e inscripciones:&nbsp;<a href=\"https:\/\/extension.uned.es\/actividad\/28133&amp;codigo=2022%2042\" target=\"_blank\" rel=\"noreferrer noopener\">https:\/\/extension.uned.es\/actividad\/28133&amp;codigo=2022%2042<\/a><\/p>\n","protected":false},"excerpt":{"rendered":"<p>Durante los d\u00edas 24 y 25 de noviembre se desarrollar\u00e1 el curso interdisciplinar \u00abPatrimonio y restauraci\u00f3n en Calatayud: Santa Mar\u00eda, doce a\u00f1os despu\u00e9s\u00bb organizado por la UNED y el Ayuntamiento de Calatayud y en el que colabora el Centro de &hellip; <a href=\"http:\/\/cebilbilitanos.com\/?p=3026\">Sigue leyendo <span class=\"meta-nav\">&rarr;<\/span><\/a><\/p>\n","protected":false},"author":1,"featured_media":0,"comment_status":"closed","ping_status":"open","sticky":false,"template":"","format":"standard","meta":[],"categories":[23],"tags":[],"_links":{"self":[{"href":"http:\/\/cebilbilitanos.com\/index.php?rest_route=\/wp\/v2\/posts\/3026"}],"collection":[{"href":"http:\/\/cebilbilitanos.com\/index.php?rest_route=\/wp\/v2\/posts"}],"about":[{"href":"http:\/\/cebilbilitanos.com\/index.php?rest_route=\/wp\/v2\/types\/post"}],"author":[{"embeddable":true,"href":"http:\/\/cebilbilitanos.com\/index.php?rest_route=\/wp\/v2\/users\/1"}],"replies":[{"embeddable":true,"href":"http:\/\/cebilbilitanos.com\/index.php?rest_route=%2Fwp%2Fv2%2Fcomments&post=3026"}],"version-history":[{"count":1,"href":"http:\/\/cebilbilitanos.com\/index.php?rest_route=\/wp\/v2\/posts\/3026\/revisions"}],"predecessor-version":[{"id":3028,"href":"http:\/\/cebilbilitanos.com\/index.php?rest_route=\/wp\/v2\/posts\/3026\/revisions\/3028"}],"wp:attachment":[{"href":"http:\/\/cebilbilitanos.com\/index.php?rest_route=%2Fwp%2Fv2%2Fmedia&parent=3026"}],"wp:term":[{"taxonomy":"category","embeddable":true,"href":"http:\/\/cebilbilitanos.com\/index.php?rest_route=%2Fwp%2Fv2%2Fcategories&post=3026"},{"taxonomy":"post_tag","embeddable":true,"href":"http:\/\/cebilbilitanos.com\/index.php?rest_route=%2Fwp%2Fv2%2Ftags&post=3026"}],"curies":[{"name":"wp","href":"https:\/\/api.w.org\/{rel}","templated":true}]}}