{"id":2567,"date":"2020-01-17T06:03:08","date_gmt":"2020-01-17T06:03:08","guid":{"rendered":"http:\/\/cebilbilitanos.com\/?p=2567"},"modified":"2020-01-17T06:03:08","modified_gmt":"2020-01-17T06:03:08","slug":"presentacion-de-caminando-por-tierras-de-calatayud","status":"publish","type":"post","link":"http:\/\/cebilbilitanos.com\/?p=2567","title":{"rendered":"Presentaci\u00f3n de Caminando por tierras de Calatayud."},"content":{"rendered":"\n<p><strong>PRESENTACI\u00d3N\nDEL LIBRO<\/strong><\/p>\n\n\n\n<p><em>Caminando por tierras de Calatayud. Aproximaci\u00f3n a la caminer\u00eda hist\u00f3rica de la comarca bilbilitana<\/em> de Vicente Alejandre Alcalde.<\/p>\n\n\n\n<figure class=\"wp-block-image\"><img decoding=\"async\" loading=\"lazy\" width=\"729\" height=\"1024\" src=\"http:\/\/cebilbilitanos.com\/wp-content\/uploads\/2020\/01\/IMG_20200114_0001-729x1024.jpg\" alt=\"\" class=\"wp-image-2568\" srcset=\"http:\/\/cebilbilitanos.com\/wp-content\/uploads\/2020\/01\/IMG_20200114_0001-729x1024.jpg 729w, http:\/\/cebilbilitanos.com\/wp-content\/uploads\/2020\/01\/IMG_20200114_0001-214x300.jpg 214w, http:\/\/cebilbilitanos.com\/wp-content\/uploads\/2020\/01\/IMG_20200114_0001-768x1079.jpg 768w\" sizes=\"(max-width: 729px) 100vw, 729px\" \/><\/figure>\n\n\n\n<p>&nbsp;&nbsp;&nbsp;&nbsp;&nbsp;&nbsp;&nbsp;&nbsp;&nbsp;&nbsp;&nbsp; El pr\u00f3ximo jueves, 23 de enero, a las 20 horas, en la\nsala multiusos del Ayuntamiento de Calatayud (Plaza Costa), el Centro de\nEstudios Bilbilitanos y la comarca Comunidad de Calatayud, en colaboraci\u00f3n con\nel Ayuntamiento de Calatayud, presentar\u00e1n esta nueva publicaci\u00f3n del CEB.<\/p>\n\n\n\n<p>&nbsp;&nbsp;&nbsp;&nbsp;&nbsp;&nbsp;&nbsp;&nbsp;&nbsp;&nbsp;&nbsp; Es una continuaci\u00f3n del libro <em>La N-II y sus precedentes camineros<\/em>, del mismo autor. Si entonces\nla protagonista fue la carretera que estructuraba todo el territorio comarcal,\nen esta ocasi\u00f3n Vicente Alejandre se centra en toda la\ncaminer\u00eda hist\u00f3rica de la comarca bilbilitana, analizando las diferentes v\u00edas\nde comunicaci\u00f3n desde la Antig\u00fcedad hasta nuestros d\u00edas. <\/p>\n\n\n\n<p>&nbsp;&nbsp;&nbsp;&nbsp;&nbsp;&nbsp;&nbsp;&nbsp;&nbsp;&nbsp;&nbsp; Particularmente interesantes y reveladoras son las\nopiniones de los viajeros, en ocasiones no muy halagadoras, pero que resultan\n\u00fatiles para saber qu\u00e9 aspectos les llamaban m\u00e1s la atenci\u00f3n en su tr\u00e1nsito\nhacia otros destinos y c\u00f3mo interpretaban el territorio y la vida de sus\npobladores.<\/p>\n","protected":false},"excerpt":{"rendered":"<p>PRESENTACI\u00d3N DEL LIBRO Caminando por tierras de Calatayud. Aproximaci\u00f3n a la caminer\u00eda hist\u00f3rica de la comarca bilbilitana de Vicente Alejandre Alcalde. &nbsp;&nbsp;&nbsp;&nbsp;&nbsp;&nbsp;&nbsp;&nbsp;&nbsp;&nbsp;&nbsp; El pr\u00f3ximo jueves, 23 de enero, a las 20 horas, en la sala multiusos del Ayuntamiento de Calatayud &hellip; <a href=\"http:\/\/cebilbilitanos.com\/?p=2567\">Sigue leyendo <span class=\"meta-nav\">&rarr;<\/span><\/a><\/p>\n","protected":false},"author":1,"featured_media":0,"comment_status":"closed","ping_status":"open","sticky":false,"template":"","format":"standard","meta":[],"categories":[23,30],"tags":[11],"_links":{"self":[{"href":"http:\/\/cebilbilitanos.com\/index.php?rest_route=\/wp\/v2\/posts\/2567"}],"collection":[{"href":"http:\/\/cebilbilitanos.com\/index.php?rest_route=\/wp\/v2\/posts"}],"about":[{"href":"http:\/\/cebilbilitanos.com\/index.php?rest_route=\/wp\/v2\/types\/post"}],"author":[{"embeddable":true,"href":"http:\/\/cebilbilitanos.com\/index.php?rest_route=\/wp\/v2\/users\/1"}],"replies":[{"embeddable":true,"href":"http:\/\/cebilbilitanos.com\/index.php?rest_route=%2Fwp%2Fv2%2Fcomments&post=2567"}],"version-history":[{"count":1,"href":"http:\/\/cebilbilitanos.com\/index.php?rest_route=\/wp\/v2\/posts\/2567\/revisions"}],"predecessor-version":[{"id":2569,"href":"http:\/\/cebilbilitanos.com\/index.php?rest_route=\/wp\/v2\/posts\/2567\/revisions\/2569"}],"wp:attachment":[{"href":"http:\/\/cebilbilitanos.com\/index.php?rest_route=%2Fwp%2Fv2%2Fmedia&parent=2567"}],"wp:term":[{"taxonomy":"category","embeddable":true,"href":"http:\/\/cebilbilitanos.com\/index.php?rest_route=%2Fwp%2Fv2%2Fcategories&post=2567"},{"taxonomy":"post_tag","embeddable":true,"href":"http:\/\/cebilbilitanos.com\/index.php?rest_route=%2Fwp%2Fv2%2Ftags&post=2567"}],"curies":[{"name":"wp","href":"https:\/\/api.w.org\/{rel}","templated":true}]}}