{"id":2564,"date":"2020-01-07T16:34:12","date_gmt":"2020-01-07T16:34:12","guid":{"rendered":"http:\/\/cebilbilitanos.com\/?p=2564"},"modified":"2020-01-07T16:34:12","modified_gmt":"2020-01-07T16:34:12","slug":"ermitas-en-la-comunidad-de-calatayud-2","status":"publish","type":"post","link":"http:\/\/cebilbilitanos.com\/?p=2564","title":{"rendered":"Ermitas en la Comunidad de Calatayud"},"content":{"rendered":"\n<p>Compartimos el contenido de la exposici\u00f3n Ermitas en la Comunidad de Calatayud realizada por la asociaci\u00f3n Torre Albarrana con la colaboraci\u00f3n del Centro de Estudios Bilbilitanos.<\/p>\n\n\n\n<p><a href=\"http:\/\/cebilbilitanos.com\/?page_id=2527\"><strong>Los paneles pueden verse y descargarse en la secci\u00f3n exposiciones<\/strong><\/a>.<\/p>\n\n\n\n<figure class=\"wp-block-image\"><img decoding=\"async\" loading=\"lazy\" width=\"683\" height=\"1024\" src=\"http:\/\/cebilbilitanos.com\/wp-content\/uploads\/2020\/01\/00-LA-EXPOSICION-683x1024.jpg\" alt=\"\" class=\"wp-image-2528\" srcset=\"http:\/\/cebilbilitanos.com\/wp-content\/uploads\/2020\/01\/00-LA-EXPOSICION-683x1024.jpg 683w, http:\/\/cebilbilitanos.com\/wp-content\/uploads\/2020\/01\/00-LA-EXPOSICION-200x300.jpg 200w, http:\/\/cebilbilitanos.com\/wp-content\/uploads\/2020\/01\/00-LA-EXPOSICION-768x1152.jpg 768w\" sizes=\"(max-width: 683px) 100vw, 683px\" \/><\/figure>\n","protected":false},"excerpt":{"rendered":"<p>Compartimos el contenido de la exposici\u00f3n Ermitas en la Comunidad de Calatayud realizada por la asociaci\u00f3n Torre Albarrana con la colaboraci\u00f3n del Centro de Estudios Bilbilitanos. Los paneles pueden verse y descargarse en la secci\u00f3n exposiciones.<\/p>\n","protected":false},"author":1,"featured_media":0,"comment_status":"closed","ping_status":"open","sticky":false,"template":"","format":"standard","meta":[],"categories":[23],"tags":[],"_links":{"self":[{"href":"http:\/\/cebilbilitanos.com\/index.php?rest_route=\/wp\/v2\/posts\/2564"}],"collection":[{"href":"http:\/\/cebilbilitanos.com\/index.php?rest_route=\/wp\/v2\/posts"}],"about":[{"href":"http:\/\/cebilbilitanos.com\/index.php?rest_route=\/wp\/v2\/types\/post"}],"author":[{"embeddable":true,"href":"http:\/\/cebilbilitanos.com\/index.php?rest_route=\/wp\/v2\/users\/1"}],"replies":[{"embeddable":true,"href":"http:\/\/cebilbilitanos.com\/index.php?rest_route=%2Fwp%2Fv2%2Fcomments&post=2564"}],"version-history":[{"count":1,"href":"http:\/\/cebilbilitanos.com\/index.php?rest_route=\/wp\/v2\/posts\/2564\/revisions"}],"predecessor-version":[{"id":2565,"href":"http:\/\/cebilbilitanos.com\/index.php?rest_route=\/wp\/v2\/posts\/2564\/revisions\/2565"}],"wp:attachment":[{"href":"http:\/\/cebilbilitanos.com\/index.php?rest_route=%2Fwp%2Fv2%2Fmedia&parent=2564"}],"wp:term":[{"taxonomy":"category","embeddable":true,"href":"http:\/\/cebilbilitanos.com\/index.php?rest_route=%2Fwp%2Fv2%2Fcategories&post=2564"},{"taxonomy":"post_tag","embeddable":true,"href":"http:\/\/cebilbilitanos.com\/index.php?rest_route=%2Fwp%2Fv2%2Ftags&post=2564"}],"curies":[{"name":"wp","href":"https:\/\/api.w.org\/{rel}","templated":true}]}}