{"id":2523,"date":"2019-12-12T07:41:30","date_gmt":"2019-12-12T07:41:30","guid":{"rendered":"http:\/\/cebilbilitanos.com\/?p=2523"},"modified":"2019-12-12T07:41:30","modified_gmt":"2019-12-12T07:41:30","slug":"revista-cuarta-provincia-ano-2-numero-2","status":"publish","type":"post","link":"http:\/\/cebilbilitanos.com\/?p=2523","title":{"rendered":"Revista Cuarta Provincia A\u00f1o 2 &#8211; N\u00famero 2"},"content":{"rendered":"\n<figure class=\"wp-block-image\"><img decoding=\"async\" loading=\"lazy\" width=\"724\" height=\"1024\" src=\"http:\/\/cebilbilitanos.com\/wp-content\/uploads\/2019\/12\/cartel-cuarta-provincia-2-724x1024.jpg\" alt=\"\" class=\"wp-image-2524\" srcset=\"http:\/\/cebilbilitanos.com\/wp-content\/uploads\/2019\/12\/cartel-cuarta-provincia-2-724x1024.jpg 724w, http:\/\/cebilbilitanos.com\/wp-content\/uploads\/2019\/12\/cartel-cuarta-provincia-2-212x300.jpg 212w, http:\/\/cebilbilitanos.com\/wp-content\/uploads\/2019\/12\/cartel-cuarta-provincia-2-768x1087.jpg 768w, http:\/\/cebilbilitanos.com\/wp-content\/uploads\/2019\/12\/cartel-cuarta-provincia-2.jpg 841w\" sizes=\"(max-width: 724px) 100vw, 724px\" \/><\/figure>\n\n\n\n<p>El jueves, 19 de\ndiciembre, a las 20 horas, en la sala multiusos del Ayuntamiento de Calatayud,\nel Centro de Estudios Bilbilitanos presentar\u00e1, en colaboraci\u00f3n con la Comunidad\nde Calatayud y el Ayuntamiento de Calatayud, el n\u00famero 2 de la revista anual <em>Cuarta Provincia<\/em>.<\/p>\n\n\n\n<p>Finalizando ya 2019 sale el segundo n\u00famero de la revista, cumpliendo el compromiso de establecer una periodicidad anual para su publicaci\u00f3n. En esta ocasi\u00f3n tambi\u00e9n se ha buscado un equilibrio entre sus contenidos, de forma que los diez art\u00edculos abarcan diferentes temas de Calatayud y la comarca, englobados en los apartados de historia, arte, etnograf\u00eda y literatura, ciencias de la Tierra y defensa del patrimonio.<\/p>\n\n\n\n<p>As\u00ed, Manuel Bea, Rafael Domingo y Paloma Lanau nos acercan al arte rupestre en la comarca; Miguel \u00c1ngel Sol\u00e1desvela los pleitos en el monte Entredicho de Malanquilla; Jos\u00e9 Luis Villanova traza la vida y obra de Mariano Blasco, autor del extraordinario plano de Calatayud de 1862; Jes\u00fas Criado, Isidro Villa y Rebeca Carretero revelan nuevos datos sobre el retablo mayor de Calatorao, obra del escultor bilbilitano Manuel Mart\u00ednez el Viejo; Rub\u00e9n P\u00e9rez nos descubre la biograf\u00eda y obra de la pintora Carmen Os\u00e9s, nacida en Calatayud; Pilar S\u00e1nchez nos habla de otro ilustre desconocido bilbilitano: el escritor Mat\u00edas de Aguirre; Francisco Tobajas ha localizado un interesante documento sobre la constituci\u00f3n de La Uni\u00f3n de Labradores de El Frasno de finales del siglo XVII; Manuel Casado realiza un estudio pormenorizado de la plaza del Mercado de Calatayud; Alfredo Mart\u00ednez cataloga y describe treinta y cuatro plantas del grupo de los pteridofitos; finalmente, Jos\u00e9 Alberto Gonzalo reivindica la cultura celtib\u00e9rica del territorio.<\/p>\n","protected":false},"excerpt":{"rendered":"<p>El jueves, 19 de diciembre, a las 20 horas, en la sala multiusos del Ayuntamiento de Calatayud, el Centro de Estudios Bilbilitanos presentar\u00e1, en colaboraci\u00f3n con la Comunidad de Calatayud y el Ayuntamiento de Calatayud, el n\u00famero 2 de la &hellip; <a href=\"http:\/\/cebilbilitanos.com\/?p=2523\">Sigue leyendo <span class=\"meta-nav\">&rarr;<\/span><\/a><\/p>\n","protected":false},"author":1,"featured_media":0,"comment_status":"closed","ping_status":"open","sticky":false,"template":"","format":"standard","meta":[],"categories":[23],"tags":[10,11,51],"_links":{"self":[{"href":"http:\/\/cebilbilitanos.com\/index.php?rest_route=\/wp\/v2\/posts\/2523"}],"collection":[{"href":"http:\/\/cebilbilitanos.com\/index.php?rest_route=\/wp\/v2\/posts"}],"about":[{"href":"http:\/\/cebilbilitanos.com\/index.php?rest_route=\/wp\/v2\/types\/post"}],"author":[{"embeddable":true,"href":"http:\/\/cebilbilitanos.com\/index.php?rest_route=\/wp\/v2\/users\/1"}],"replies":[{"embeddable":true,"href":"http:\/\/cebilbilitanos.com\/index.php?rest_route=%2Fwp%2Fv2%2Fcomments&post=2523"}],"version-history":[{"count":1,"href":"http:\/\/cebilbilitanos.com\/index.php?rest_route=\/wp\/v2\/posts\/2523\/revisions"}],"predecessor-version":[{"id":2525,"href":"http:\/\/cebilbilitanos.com\/index.php?rest_route=\/wp\/v2\/posts\/2523\/revisions\/2525"}],"wp:attachment":[{"href":"http:\/\/cebilbilitanos.com\/index.php?rest_route=%2Fwp%2Fv2%2Fmedia&parent=2523"}],"wp:term":[{"taxonomy":"category","embeddable":true,"href":"http:\/\/cebilbilitanos.com\/index.php?rest_route=%2Fwp%2Fv2%2Fcategories&post=2523"},{"taxonomy":"post_tag","embeddable":true,"href":"http:\/\/cebilbilitanos.com\/index.php?rest_route=%2Fwp%2Fv2%2Ftags&post=2523"}],"curies":[{"name":"wp","href":"https:\/\/api.w.org\/{rel}","templated":true}]}}