{"id":2467,"date":"2019-10-28T17:41:15","date_gmt":"2019-10-28T17:41:15","guid":{"rendered":"http:\/\/cebilbilitanos.com\/?p=2467"},"modified":"2019-10-31T17:39:49","modified_gmt":"2019-10-31T17:39:49","slug":"comienza-la-cuenta-atras-para-el-x-encuentro-de-estudios-bilbilitanos","status":"publish","type":"post","link":"http:\/\/cebilbilitanos.com\/?p=2467","title":{"rendered":"Comienza la cuenta atr\u00e1s para el  X Encuentro de Estudios Bilbilitanos"},"content":{"rendered":"\n<p>&nbsp;&nbsp;&nbsp;&nbsp;&nbsp;&nbsp;&nbsp;&nbsp;&nbsp;&nbsp;&nbsp; Apenas quedan tres semanas para el inicio del <strong><em>X Encuentro de Estudios Bilbilitanos<\/em><\/strong>, que se celebrar\u00e1 los d\u00edas 15, 16 y 17 de noviembre en el sal\u00f3n de actos de Claretianos de Calatayud. <\/p>\n\n\n\n<figure class=\"wp-block-image\"><img decoding=\"async\" loading=\"lazy\" width=\"1024\" height=\"768\" src=\"http:\/\/cebilbilitanos.com\/wp-content\/uploads\/2019\/10\/WhatsApp-Image-2019-01-22-at-12.29.58-1024x768.jpeg\" alt=\"\" class=\"wp-image-2468\" srcset=\"http:\/\/cebilbilitanos.com\/wp-content\/uploads\/2019\/10\/WhatsApp-Image-2019-01-22-at-12.29.58-1024x768.jpeg 1024w, http:\/\/cebilbilitanos.com\/wp-content\/uploads\/2019\/10\/WhatsApp-Image-2019-01-22-at-12.29.58-300x225.jpeg 300w, http:\/\/cebilbilitanos.com\/wp-content\/uploads\/2019\/10\/WhatsApp-Image-2019-01-22-at-12.29.58-768x576.jpeg 768w, http:\/\/cebilbilitanos.com\/wp-content\/uploads\/2019\/10\/WhatsApp-Image-2019-01-22-at-12.29.58.jpeg 1600w\" sizes=\"(max-width: 1024px) 100vw, 1024px\" \/><\/figure>\n\n\n\n<p>&nbsp;&nbsp;&nbsp;&nbsp;&nbsp;&nbsp;&nbsp;&nbsp;&nbsp;&nbsp;&nbsp; Estamos ultimando los preparativos\npara que en estas tres intensas jornadas se conozcan las investigaciones que se\nhan desarrollado en la comarca durante los \u00faltimos a\u00f1os. En esta edici\u00f3n el\nn\u00famero de inscritos ha ascendido a 100 y sehan presentado 62 comunicaciones,\nagrupadas en las cinco secciones habituales. <\/p>\n\n\n\n<p>\u00a0\u00a0\u00a0\u00a0\u00a0\u00a0\u00a0\u00a0\u00a0\u00a0\u00a0 Pod\u00e9is consultar el programa definitivo en el pdf adjunto.<\/p>\n\n\n\n<div class=\"wp-block-file\"><a href=\"http:\/\/cebilbilitanos.com\/wp-content\/uploads\/2019\/10\/PROGRAMA-X-ENCUENTRO-ESTUDIOS-BILBILITANOS.pdf\">PROGRAMA X ENCUENTRO ESTUDIOS BILBILITANOS<\/a><a href=\"http:\/\/cebilbilitanos.com\/wp-content\/uploads\/2019\/10\/PROGRAMA-X-ENCUENTRO-ESTUDIOS-BILBILITANOS.pdf\" class=\"wp-block-file__button\" download>Descargar<\/a><\/div>\n","protected":false},"excerpt":{"rendered":"<p>&nbsp;&nbsp;&nbsp;&nbsp;&nbsp;&nbsp;&nbsp;&nbsp;&nbsp;&nbsp;&nbsp; Apenas quedan tres semanas para el inicio del X Encuentro de Estudios Bilbilitanos, que se celebrar\u00e1 los d\u00edas 15, 16 y 17 de noviembre en el sal\u00f3n de actos de Claretianos de Calatayud. &nbsp;&nbsp;&nbsp;&nbsp;&nbsp;&nbsp;&nbsp;&nbsp;&nbsp;&nbsp;&nbsp; Estamos ultimando los preparativos para &hellip; <a href=\"http:\/\/cebilbilitanos.com\/?p=2467\">Sigue leyendo <span class=\"meta-nav\">&rarr;<\/span><\/a><\/p>\n","protected":false},"author":1,"featured_media":0,"comment_status":"closed","ping_status":"open","sticky":false,"template":"","format":"standard","meta":[],"categories":[28,2],"tags":[],"_links":{"self":[{"href":"http:\/\/cebilbilitanos.com\/index.php?rest_route=\/wp\/v2\/posts\/2467"}],"collection":[{"href":"http:\/\/cebilbilitanos.com\/index.php?rest_route=\/wp\/v2\/posts"}],"about":[{"href":"http:\/\/cebilbilitanos.com\/index.php?rest_route=\/wp\/v2\/types\/post"}],"author":[{"embeddable":true,"href":"http:\/\/cebilbilitanos.com\/index.php?rest_route=\/wp\/v2\/users\/1"}],"replies":[{"embeddable":true,"href":"http:\/\/cebilbilitanos.com\/index.php?rest_route=%2Fwp%2Fv2%2Fcomments&post=2467"}],"version-history":[{"count":2,"href":"http:\/\/cebilbilitanos.com\/index.php?rest_route=\/wp\/v2\/posts\/2467\/revisions"}],"predecessor-version":[{"id":2473,"href":"http:\/\/cebilbilitanos.com\/index.php?rest_route=\/wp\/v2\/posts\/2467\/revisions\/2473"}],"wp:attachment":[{"href":"http:\/\/cebilbilitanos.com\/index.php?rest_route=%2Fwp%2Fv2%2Fmedia&parent=2467"}],"wp:term":[{"taxonomy":"category","embeddable":true,"href":"http:\/\/cebilbilitanos.com\/index.php?rest_route=%2Fwp%2Fv2%2Fcategories&post=2467"},{"taxonomy":"post_tag","embeddable":true,"href":"http:\/\/cebilbilitanos.com\/index.php?rest_route=%2Fwp%2Fv2%2Ftags&post=2467"}],"curies":[{"name":"wp","href":"https:\/\/api.w.org\/{rel}","templated":true}]}}