{"id":2336,"date":"2019-02-01T12:32:57","date_gmt":"2019-02-01T12:32:57","guid":{"rendered":"http:\/\/cebilbilitanos.com\/?p=2336"},"modified":"2019-02-01T12:32:57","modified_gmt":"2019-02-01T12:32:57","slug":"los-molinos-de-polvora-de-villafeliche-historia-legado-y-reivindicacion-de-un-patrimonio","status":"publish","type":"post","link":"http:\/\/cebilbilitanos.com\/?p=2336","title":{"rendered":"Los molinos de p\u00f3lvora de Villafeliche. Historia, legado y reivindicaci\u00f3n de un patrimonio."},"content":{"rendered":"<p>Francisco Tobajas Gallego<\/p>\n<p>El 23 de enero de 2019, en el Sal\u00f3n Multiusos del Ayuntamiento de Calatayud, tuvo lugar la presentaci\u00f3n de un libro dedicado a los molinos de p\u00f3lvora de Villafeliche, cuyos autores son Manuel Casado L\u00f3pez y Luis Varga Aldana, editado por el Centro de Estudios Bilbilitanos, en colaboraci\u00f3n con el Ayuntamiento de Villafeliche. Los autores estuvieron acompa\u00f1ados por el alcalde de Villafeliche y el presidente del Centro de Estudios, quienes se\u00f1alaron que se trataba de un libro necesario, con minuciosa investigaci\u00f3n y bibliograf\u00eda muy definitiva.<\/p>\n<p><img decoding=\"async\" loading=\"lazy\" class=\"aligncenter size-full wp-image-2337\" src=\"http:\/\/cebilbilitanos.com\/wp-content\/uploads\/2019\/02\/DSC03204.jpg\" alt=\"\" width=\"1200\" height=\"900\" srcset=\"http:\/\/cebilbilitanos.com\/wp-content\/uploads\/2019\/02\/DSC03204.jpg 1200w, http:\/\/cebilbilitanos.com\/wp-content\/uploads\/2019\/02\/DSC03204-300x225.jpg 300w, http:\/\/cebilbilitanos.com\/wp-content\/uploads\/2019\/02\/DSC03204-768x576.jpg 768w, http:\/\/cebilbilitanos.com\/wp-content\/uploads\/2019\/02\/DSC03204-1024x768.jpg 1024w\" sizes=\"(max-width: 1200px) 100vw, 1200px\" \/><\/p>\n<p>Parece evidente que la producci\u00f3n de la p\u00f3lvora en Villafeliche sea de procedencia morisca, aunque el m\u00e1ximo auge se produjo entre 1747 y 1831, al estar integrada en las Reales F\u00e1bricas de P\u00f3lvoras del Estado. En 1764 se contabilizaban ciento sesenta y cinco molinos y en 1788, unos doscientos, que se situaban en hilera en un valle abrigado, junto a la acequia Molinar, ocupando unos 800 metros. Los molinos eran rectangulares, de unos seis metros cuadrados, levantados de mamposter\u00eda y tejado a un agua. Alrededor de ellos se ubicaban almacenes, oficinas, puesto de guardia y edificios para la preparaci\u00f3n de la p\u00f3lvora negra, que estaba compuesta de una mezcla de salitre, azufre y carb\u00f3n.<\/p>\n<p>La Real F\u00e1brica de Villafeliche comparti\u00f3 el abastecimiento de p\u00f3lvora con otras Reales F\u00e1bricas asentadas en Granada, Murcia, Manresa y posteriormente en Pamplona y Ruidera. La de Villafeliche se diferenciaba del resto porque era de titularidad mixta. Los molinos eran de propiedad particular, la acequia era comunal y sobre la Corona reca\u00eda la gesti\u00f3n de la producci\u00f3n, el abastecimiento de materias primas y la concesi\u00f3n de licencias. Este modelo fue exportado a Am\u00e9rica y Filipinas, por su alta rentabilidad y bajo coste. En torno a la fabricaci\u00f3n de la p\u00f3lvora se desarrollaron otros oficios, como los alfareros, de gran tradici\u00f3n en Villafeliche, tejedores de lienzos, cereros, salitreros, carboneros y trajineros.<\/p>\n<p>En 1830 una Orden de Fernando VII supuso el desmantelamiento de la maquinaria de estos molinos, comenzando su decadencia. Para la v\u00eda del ferrocarril se debieron expropiar cincuenta molinos. El \u00faltimo cerr\u00f3 en 1964.<\/p>\n<p>Los molinos de p\u00f3lvora de Villafeliche son Bien de Inter\u00e9s Cultural, en la categor\u00eda de Conjunto de Inter\u00e9s Cultural y Lugar de Inter\u00e9s Etnogr\u00e1fico, por Decreto de 13 de marzo de 2007, que fue publicado en el Bolet\u00edn Oficial de Arag\u00f3n el 23 de marzo siguiente.<\/p>\n","protected":false},"excerpt":{"rendered":"<p>Francisco Tobajas Gallego El 23 de enero de 2019, en el Sal\u00f3n Multiusos del Ayuntamiento de Calatayud, tuvo lugar la presentaci\u00f3n de un libro dedicado a los molinos de p\u00f3lvora de Villafeliche, cuyos autores son Manuel Casado L\u00f3pez y Luis &hellip; <a href=\"http:\/\/cebilbilitanos.com\/?p=2336\">Sigue leyendo <span class=\"meta-nav\">&rarr;<\/span><\/a><\/p>\n","protected":false},"author":1,"featured_media":0,"comment_status":"open","ping_status":"open","sticky":false,"template":"","format":"standard","meta":[],"categories":[23,30],"tags":[10,11],"_links":{"self":[{"href":"http:\/\/cebilbilitanos.com\/index.php?rest_route=\/wp\/v2\/posts\/2336"}],"collection":[{"href":"http:\/\/cebilbilitanos.com\/index.php?rest_route=\/wp\/v2\/posts"}],"about":[{"href":"http:\/\/cebilbilitanos.com\/index.php?rest_route=\/wp\/v2\/types\/post"}],"author":[{"embeddable":true,"href":"http:\/\/cebilbilitanos.com\/index.php?rest_route=\/wp\/v2\/users\/1"}],"replies":[{"embeddable":true,"href":"http:\/\/cebilbilitanos.com\/index.php?rest_route=%2Fwp%2Fv2%2Fcomments&post=2336"}],"version-history":[{"count":1,"href":"http:\/\/cebilbilitanos.com\/index.php?rest_route=\/wp\/v2\/posts\/2336\/revisions"}],"predecessor-version":[{"id":2338,"href":"http:\/\/cebilbilitanos.com\/index.php?rest_route=\/wp\/v2\/posts\/2336\/revisions\/2338"}],"wp:attachment":[{"href":"http:\/\/cebilbilitanos.com\/index.php?rest_route=%2Fwp%2Fv2%2Fmedia&parent=2336"}],"wp:term":[{"taxonomy":"category","embeddable":true,"href":"http:\/\/cebilbilitanos.com\/index.php?rest_route=%2Fwp%2Fv2%2Fcategories&post=2336"},{"taxonomy":"post_tag","embeddable":true,"href":"http:\/\/cebilbilitanos.com\/index.php?rest_route=%2Fwp%2Fv2%2Ftags&post=2336"}],"curies":[{"name":"wp","href":"https:\/\/api.w.org\/{rel}","templated":true}]}}